{"id":5434,"date":"2019-06-21T11:27:28","date_gmt":"2019-06-21T09:27:28","guid":{"rendered":"https:\/\/sites.ffkarate.fr\/paysdelaloire\/?post_type=news&amp;p=5434"},"modified":"2019-06-21T11:27:28","modified_gmt":"2019-06-21T09:27:28","slug":"resultats-du-championnat-de-france-veterans","status":"publish","type":"post","link":"https:\/\/sites.ffkarate.fr\/paysdelaloire\/2019\/06\/21\/resultats-du-championnat-de-france-veterans\/","title":{"rendered":"R\u00e9sultats du championnat de France V\u00e9t\u00e9rans"},"content":{"rendered":"<div class=\"wpb-content-wrapper\"><p>[vc_row][vc_column][vc_column_text]Le week-end du 8 et 9 juin a eu lieu \u00e0 Paris au stade Pierre de Coubertin, le championnat de France V\u00e9t\u00e9rans Kata &amp; Combats.<\/p>\n<p>Voici les r\u00e9sultats en Kata :<\/p>\n<ul>\n<li><strong>SAUZEAU ALAIN<\/strong> &#8211; KEN ZEN &#8211; 3\u00e8me en V\u00e9t\u00e9rans 4 Masculin<\/li>\n<\/ul>\n<p>Voici les r\u00e9sultats en Combats :<\/p>\n<ul>\n<li><strong>LETTIER STEPHANIE<\/strong> &#8211; FONTENAY KARATE SHOTOKAN &#8211; <strong>CHAMPIONNE DE FRANCE &#8211; F\u00e9minine V\u00e9t\u00e9ran 1 -61 kg<\/strong><\/li>\n<li><strong>ORSKI FRANCETTE<\/strong> &#8211; SAMOURAI 2000 &#8211; <strong>VICE-CHAMPIONNE DE FRANCE &#8211; F\u00e9minine V\u00e9t\u00e9ran 3 -55 kg<\/strong><\/li>\n<li><strong>SALOMON LOUIS<\/strong> &#8211; LA BAULE KARATE JUTSU &#8211; <strong>VICE-CHAMPION DE FRANCE &#8211; Masculin V\u00e9t\u00e9ran 4 -75 kg<\/strong><\/li>\n<li><strong>MAHE CARINE<\/strong> &#8211; CHATEAUBRIANT ARTS MARTIAUX &#8211; <strong>3\u00e8me en F\u00e9minine V\u00e9t\u00e9ran 1\u00a0 68 kg et +<\/strong><\/li>\n<li><strong>PEREZ LUCIA<\/strong> &#8211; SAMOURAI 2000 &#8211; <strong>3\u00e8me en F\u00e9minine V\u00e9t\u00e9ran 2\u00a0 68 kg et +<\/strong><\/li>\n<li><strong>MAYMARD JOAKIM<\/strong> &#8211; FONTENAY KARATE SHOTOKAN &#8211; <strong>3\u00e8me en Masculin V\u00e9t\u00e9ran 2\u00a0 -75 kg<\/strong><\/li>\n<li><strong>COZIEN PHILIPPE<\/strong> &#8211; KARATE CLUB DES MOUTIERS EN RETZ &#8211; <strong>3\u00e8me en Masculin V\u00e9t\u00e9ran 2\u00a0 84 kg et +<\/strong><\/li>\n<li><strong>VAN NUVEL ANNE SOPHIE<\/strong> &#8211; KEN ZEN &#8211;\u00a0 <strong>5\u00e8me en F\u00e9minine V\u00e9t\u00e9ran 1\u00a0 68 kg et +<\/strong><\/li>\n<li><strong>LOISEAU GUY<\/strong> &#8211; BUGEI DOJO &#8211; <strong>5\u00e8me en Masculin V\u00e9t\u00e9ran 4\u00a0 84 kg et +<\/strong><\/li>\n<\/ul>\n<p>La ligue r\u00e9gionale f\u00e9licite ces athl\u00e8tes pour ces beaux r\u00e9sultats.[\/vc_column_text][\/vc_column][\/vc_row]<\/p>\n<\/div>","protected":false},"excerpt":{"rendered":"<p>[vc_row][vc_column][vc_column_text]Le week-end du 8 et 9 juin a eu lieu \u00e0 Paris au stade Pierre de Coubertin, le championnat de France V\u00e9t\u00e9rans Kata &amp; Combats. Voici les r\u00e9sultats en Kata : SAUZEAU ALAIN &#8211; KEN ZEN &#8211; 3\u00e8me en V\u00e9t\u00e9rans 4 Masculin Voici les r\u00e9sultats en Combats : LETTIER STEPHANIE &#8211; FONTENAY KARATE SHOTOKAN &#8211; [&hellip;]<\/p>\n","protected":false},"author":132,"featured_media":0,"comment_status":"closed","ping_status":"closed","sticky":false,"template":"","format":"standard","meta":{"footnotes":""},"categories":[1],"tags":[],"class_list":["post-5434","post","type-post","status-publish","format-standard","hentry","category-non-classe"],"_links":{"self":[{"href":"https:\/\/sites.ffkarate.fr\/paysdelaloire\/wp-json\/wp\/v2\/posts\/5434","targetHints":{"allow":["GET"]}}],"collection":[{"href":"https:\/\/sites.ffkarate.fr\/paysdelaloire\/wp-json\/wp\/v2\/posts"}],"about":[{"href":"https:\/\/sites.ffkarate.fr\/paysdelaloire\/wp-json\/wp\/v2\/types\/post"}],"author":[{"embeddable":true,"href":"https:\/\/sites.ffkarate.fr\/paysdelaloire\/wp-json\/wp\/v2\/users\/132"}],"replies":[{"embeddable":true,"href":"https:\/\/sites.ffkarate.fr\/paysdelaloire\/wp-json\/wp\/v2\/comments?post=5434"}],"version-history":[{"count":0,"href":"https:\/\/sites.ffkarate.fr\/paysdelaloire\/wp-json\/wp\/v2\/posts\/5434\/revisions"}],"wp:attachment":[{"href":"https:\/\/sites.ffkarate.fr\/paysdelaloire\/wp-json\/wp\/v2\/media?parent=5434"}],"wp:term":[{"taxonomy":"category","embeddable":true,"href":"https:\/\/sites.ffkarate.fr\/paysdelaloire\/wp-json\/wp\/v2\/categories?post=5434"},{"taxonomy":"post_tag","embeddable":true,"href":"https:\/\/sites.ffkarate.fr\/paysdelaloire\/wp-json\/wp\/v2\/tags?post=5434"}],"curies":[{"name":"wp","href":"https:\/\/api.w.org\/{rel}","templated":true}]}}