{"id":5609,"date":"2019-08-22T12:06:05","date_gmt":"2019-08-22T10:06:05","guid":{"rendered":"https:\/\/sites.ffkarate.fr\/paysdelaloire\/?post_type=news&amp;p=5609"},"modified":"2019-08-22T12:06:05","modified_gmt":"2019-08-22T10:06:05","slug":"appel-a-cotisation-2019-2019-et-fiche-etr","status":"publish","type":"post","link":"https:\/\/sites.ffkarate.fr\/paysdelaloire\/2019\/08\/22\/appel-a-cotisation-2019-2019-et-fiche-etr\/","title":{"rendered":"Appel a cotisation 2019-2019 et fiche ETR"},"content":{"rendered":"<div class=\"wpb-content-wrapper\"><p>[vc_row][vc_column][vc_column_text]<a href=\"https:\/\/sites.ffkarate.fr\/paysdelaloire\/wp-content\/uploads\/sites\/120\/2019\/06\/beach-2179183_1920-Copie.jpg\"><img decoding=\"async\" class=\"aligncenter size-large wp-image-5520\" src=\"https:\/\/sites.ffkarate.fr\/paysdelaloire\/wp-content\/uploads\/sites\/120\/2019\/06\/beach-2179183_1920-Copie-1024x533.jpg\" alt=\"beach-2179183_1920 - Copie\" width=\"640\" height=\"333\" \/><\/a><\/p>\n<p>Madame, Monsieur,<\/p>\n<p>Les vacances se terminent et l&rsquo;activit\u00e9 sportive associative est de retour.<\/p>\n<p>La Ligue R\u00e9gionale de karat\u00e9 et Disciplines Associ\u00e9es a rouvert ses bureaux et ses \u00e9lus et techniciens sont \u00e0 nouveau op\u00e9rationnel. Nous sommes actuellement 220 clubs affili\u00e9s et 7 nouveaux clubs viennent d&rsquo;\u00eatre cr\u00e9\u00e9s.<\/p>\n<p>Nous vous transmettons diff\u00e9rents documents pour organiser au mieux votre nouvelle ann\u00e9e sportive.<\/p>\n<p>L&rsquo;appel \u00e0 cotisation f\u00e9d\u00e9rale qui est \u00e0 r\u00e9gler dans les meilleurs d\u00e9lais MAIS UNIQUEMENT \u00e0 partir du 1er SEPTEMBRE.<\/p>\n<p style=\"text-align: left\">Le secr\u00e9tariat est d\u00e9sormais assur\u00e9 par des b\u00e9n\u00e9voles. Nous vous demandons, donc, de vous adresser DIRECTEMENT \u00e0 vos responsables techniques r\u00e9gionaux cit\u00e9s <a href=\"https:\/\/sites.ffkarate.fr\/paysdelaloire\/wp-content\/uploads\/sites\/120\/2019\/08\/Coordonnees-de-votre-ETR.pdf\">sur la fiche COORDONN\u00c9ES ETR ci dessous<\/a>.<\/p>\n<p>Suite \u00e0 diff\u00e9rents incidents dans des clubs, la saison pass\u00e9e, (bless\u00e9 grave), nous vous rappelons que la prise de licence est obligatoire pour l&rsquo;ensemble de vos adh\u00e9rents d\u00e8s le d\u00e9but de saison.<\/p>\n<p>Nous vous souhaitons une belle saison sportive.<\/p>\n<p>Cordialement<\/p>\n<p><a href=\"https:\/\/sites.ffkarate.fr\/paysdelaloire\/wp-content\/uploads\/sites\/120\/2019\/08\/Coordonnees-de-votre-ETR.pdf\">Coordonn\u00e9es de votre ETR<\/a><\/p>\n<p><a href=\"https:\/\/sites.ffkarate.fr\/paysdelaloire\/wp-content\/uploads\/sites\/120\/2019\/08\/Appel-a-cotisation-federale-2019-2020-.pdf\">Appel \u00e0 cotisation f\u00e9d\u00e9rale 2019 2020<\/a>[\/vc_column_text][\/vc_column][\/vc_row]<\/p>\n<\/div>","protected":false},"excerpt":{"rendered":"<p>[vc_row][vc_column][vc_column_text] Madame, Monsieur, Les vacances se terminent et l&rsquo;activit\u00e9 sportive associative est de retour. La Ligue R\u00e9gionale de karat\u00e9 et Disciplines Associ\u00e9es a rouvert ses bureaux et ses \u00e9lus et techniciens sont \u00e0 nouveau op\u00e9rationnel. Nous sommes actuellement 220 clubs affili\u00e9s et 7 nouveaux clubs viennent d&rsquo;\u00eatre cr\u00e9\u00e9s. Nous vous transmettons diff\u00e9rents documents pour organiser [&hellip;]<\/p>\n","protected":false},"author":132,"featured_media":5520,"comment_status":"closed","ping_status":"closed","sticky":false,"template":"","format":"standard","meta":{"footnotes":""},"categories":[1],"tags":[],"class_list":["post-5609","post","type-post","status-publish","format-standard","hentry","category-non-classe"],"_links":{"self":[{"href":"https:\/\/sites.ffkarate.fr\/paysdelaloire\/wp-json\/wp\/v2\/posts\/5609","targetHints":{"allow":["GET"]}}],"collection":[{"href":"https:\/\/sites.ffkarate.fr\/paysdelaloire\/wp-json\/wp\/v2\/posts"}],"about":[{"href":"https:\/\/sites.ffkarate.fr\/paysdelaloire\/wp-json\/wp\/v2\/types\/post"}],"author":[{"embeddable":true,"href":"https:\/\/sites.ffkarate.fr\/paysdelaloire\/wp-json\/wp\/v2\/users\/132"}],"replies":[{"embeddable":true,"href":"https:\/\/sites.ffkarate.fr\/paysdelaloire\/wp-json\/wp\/v2\/comments?post=5609"}],"version-history":[{"count":0,"href":"https:\/\/sites.ffkarate.fr\/paysdelaloire\/wp-json\/wp\/v2\/posts\/5609\/revisions"}],"wp:featuredmedia":[{"embeddable":true,"href":"https:\/\/sites.ffkarate.fr\/paysdelaloire\/wp-json\/wp\/v2\/media\/5520"}],"wp:attachment":[{"href":"https:\/\/sites.ffkarate.fr\/paysdelaloire\/wp-json\/wp\/v2\/media?parent=5609"}],"wp:term":[{"taxonomy":"category","embeddable":true,"href":"https:\/\/sites.ffkarate.fr\/paysdelaloire\/wp-json\/wp\/v2\/categories?post=5609"},{"taxonomy":"post_tag","embeddable":true,"href":"https:\/\/sites.ffkarate.fr\/paysdelaloire\/wp-json\/wp\/v2\/tags?post=5609"}],"curies":[{"name":"wp","href":"https:\/\/api.w.org\/{rel}","templated":true}]}}