{"id":5623,"date":"2019-08-22T14:22:16","date_gmt":"2019-08-22T12:22:16","guid":{"rendered":"https:\/\/sites.ffkarate.fr\/paysdelaloire\/?post_type=news&amp;p=5623"},"modified":"2019-08-22T14:22:16","modified_gmt":"2019-08-22T12:22:16","slug":"calendrier-2019-2020-en-ligne","status":"publish","type":"post","link":"https:\/\/sites.ffkarate.fr\/paysdelaloire\/2019\/08\/22\/calendrier-2019-2020-en-ligne\/","title":{"rendered":"Calendrier 2019-2020 en ligne"},"content":{"rendered":"<div class=\"wpb-content-wrapper\"><p>[vc_row][vc_column][vc_column_text]<a href=\"https:\/\/sites.ffkarate.fr\/paysdelaloire\/wp-content\/uploads\/sites\/120\/2019\/08\/calendar-dates-desk-862731.jpg\"><img decoding=\"async\" class=\"aligncenter size-large wp-image-5624\" src=\"https:\/\/sites.ffkarate.fr\/paysdelaloire\/wp-content\/uploads\/sites\/120\/2019\/08\/calendar-dates-desk-862731-1024x683.jpg\" alt=\"calendar-dates-desk-862731\" width=\"640\" height=\"427\" \/><\/a><\/p>\n<p>Nous avons le plaisir de vous annoncer<a href=\"https:\/\/sites.ffkarate.fr\/paysdelaloire\/calendrier\/\"> la mise en ligne de notre calendrier 2019-2020.<\/a><\/p>\n<p style=\"text-align: center\"><a href=\"https:\/\/sites.ffkarate.fr\/paysdelaloire\/calendrier\/\">Cliquez ici pour le d\u00e9couvrir<\/a><\/p>\n<p>Bien \u00e9videmment, nous sommes dans l&rsquo;attente de certaines confirmations de salles.<\/p>\n<p>Nous vous tiendrons inform\u00e9 des \u00e9ventuelles changements dans les plus brefs d\u00e9lais.<\/p>\n<p>Nous vous souhaitons un bon d\u00e9but de saison<\/p>\n<p>A bient\u00f4t[\/vc_column_text][\/vc_column][\/vc_row]<\/p>\n<\/div>","protected":false},"excerpt":{"rendered":"<p>[vc_row][vc_column][vc_column_text] Nous avons le plaisir de vous annoncer la mise en ligne de notre calendrier 2019-2020. Cliquez ici pour le d\u00e9couvrir Bien \u00e9videmment, nous sommes dans l&rsquo;attente de certaines confirmations de salles. Nous vous tiendrons inform\u00e9 des \u00e9ventuelles changements dans les plus brefs d\u00e9lais. Nous vous souhaitons un bon d\u00e9but de saison A bient\u00f4t[\/vc_column_text][\/vc_column][\/vc_row]<\/p>\n","protected":false},"author":132,"featured_media":5624,"comment_status":"closed","ping_status":"closed","sticky":false,"template":"","format":"standard","meta":{"footnotes":""},"categories":[1],"tags":[],"class_list":["post-5623","post","type-post","status-publish","format-standard","hentry","category-non-classe"],"_links":{"self":[{"href":"https:\/\/sites.ffkarate.fr\/paysdelaloire\/wp-json\/wp\/v2\/posts\/5623","targetHints":{"allow":["GET"]}}],"collection":[{"href":"https:\/\/sites.ffkarate.fr\/paysdelaloire\/wp-json\/wp\/v2\/posts"}],"about":[{"href":"https:\/\/sites.ffkarate.fr\/paysdelaloire\/wp-json\/wp\/v2\/types\/post"}],"author":[{"embeddable":true,"href":"https:\/\/sites.ffkarate.fr\/paysdelaloire\/wp-json\/wp\/v2\/users\/132"}],"replies":[{"embeddable":true,"href":"https:\/\/sites.ffkarate.fr\/paysdelaloire\/wp-json\/wp\/v2\/comments?post=5623"}],"version-history":[{"count":0,"href":"https:\/\/sites.ffkarate.fr\/paysdelaloire\/wp-json\/wp\/v2\/posts\/5623\/revisions"}],"wp:featuredmedia":[{"embeddable":true,"href":"https:\/\/sites.ffkarate.fr\/paysdelaloire\/wp-json\/wp\/v2\/media\/5624"}],"wp:attachment":[{"href":"https:\/\/sites.ffkarate.fr\/paysdelaloire\/wp-json\/wp\/v2\/media?parent=5623"}],"wp:term":[{"taxonomy":"category","embeddable":true,"href":"https:\/\/sites.ffkarate.fr\/paysdelaloire\/wp-json\/wp\/v2\/categories?post=5623"},{"taxonomy":"post_tag","embeddable":true,"href":"https:\/\/sites.ffkarate.fr\/paysdelaloire\/wp-json\/wp\/v2\/tags?post=5623"}],"curies":[{"name":"wp","href":"https:\/\/api.w.org\/{rel}","templated":true}]}}