{"id":5644,"date":"2019-08-27T09:57:20","date_gmt":"2019-08-27T07:57:20","guid":{"rendered":"https:\/\/sites.ffkarate.fr\/paysdelaloire\/?post_type=news&amp;p=5644"},"modified":"2019-08-27T09:57:20","modified_gmt":"2019-08-27T07:57:20","slug":"le-circulaire-sur-le-certificat-medical","status":"publish","type":"post","link":"https:\/\/sites.ffkarate.fr\/paysdelaloire\/2019\/08\/27\/le-circulaire-sur-le-certificat-medical\/","title":{"rendered":"Le circulaire sur le certificat m\u00e9dical"},"content":{"rendered":"<div class=\"wpb-content-wrapper\"><p>[vc_row][vc_column][vc_column_text]<a href=\"https:\/\/sites.ffkarate.fr\/paysdelaloire\/wp-content\/uploads\/sites\/120\/2019\/08\/doctor-4229348_1920.jpg\"><img decoding=\"async\" class=\"aligncenter size-large wp-image-5646\" src=\"https:\/\/sites.ffkarate.fr\/paysdelaloire\/wp-content\/uploads\/sites\/120\/2019\/08\/doctor-4229348_1920-1024x660.jpg\" alt=\"doctor-4229348_1920\" width=\"640\" height=\"413\" \/><\/a><\/p>\n<p>La rentr\u00e9e approche pour l&rsquo;ensemble des clubs de notre Ligue. C&rsquo;est le moment des inscriptions !<\/p>\n<p><strong>N&rsquo;oubliez pas de demander \u00e0 vos licenci\u00e9s un certificat m\u00e9dical.<\/strong> Il est obligatoire et cela chaque ann\u00e9e.<\/p>\n<p>Pour en savoir plus, on vous conseille de lire le circulaire f\u00e9d\u00e9ral :<\/p>\n<p><a href=\"https:\/\/sites.ffkarate.fr\/paysdelaloire\/wp-content\/uploads\/sites\/120\/2019\/08\/Circulaire-certificat-medical.pdf\">Lire le Circulaire pour le certificat m\u00e9dical <\/a><\/p>\n<p><strong>Bonnes inscriptions \u00e0 tous.<\/strong>[\/vc_column_text][\/vc_column][\/vc_row]<\/p>\n<\/div>","protected":false},"excerpt":{"rendered":"<p>[vc_row][vc_column][vc_column_text] La rentr\u00e9e approche pour l&rsquo;ensemble des clubs de notre Ligue. C&rsquo;est le moment des inscriptions ! N&rsquo;oubliez pas de demander \u00e0 vos licenci\u00e9s un certificat m\u00e9dical. Il est obligatoire et cela chaque ann\u00e9e. Pour en savoir plus, on vous conseille de lire le circulaire f\u00e9d\u00e9ral : Lire le Circulaire pour le certificat m\u00e9dical Bonnes [&hellip;]<\/p>\n","protected":false},"author":132,"featured_media":0,"comment_status":"closed","ping_status":"closed","sticky":false,"template":"","format":"standard","meta":{"footnotes":""},"categories":[1],"tags":[],"class_list":["post-5644","post","type-post","status-publish","format-standard","hentry","category-non-classe"],"_links":{"self":[{"href":"https:\/\/sites.ffkarate.fr\/paysdelaloire\/wp-json\/wp\/v2\/posts\/5644","targetHints":{"allow":["GET"]}}],"collection":[{"href":"https:\/\/sites.ffkarate.fr\/paysdelaloire\/wp-json\/wp\/v2\/posts"}],"about":[{"href":"https:\/\/sites.ffkarate.fr\/paysdelaloire\/wp-json\/wp\/v2\/types\/post"}],"author":[{"embeddable":true,"href":"https:\/\/sites.ffkarate.fr\/paysdelaloire\/wp-json\/wp\/v2\/users\/132"}],"replies":[{"embeddable":true,"href":"https:\/\/sites.ffkarate.fr\/paysdelaloire\/wp-json\/wp\/v2\/comments?post=5644"}],"version-history":[{"count":0,"href":"https:\/\/sites.ffkarate.fr\/paysdelaloire\/wp-json\/wp\/v2\/posts\/5644\/revisions"}],"wp:attachment":[{"href":"https:\/\/sites.ffkarate.fr\/paysdelaloire\/wp-json\/wp\/v2\/media?parent=5644"}],"wp:term":[{"taxonomy":"category","embeddable":true,"href":"https:\/\/sites.ffkarate.fr\/paysdelaloire\/wp-json\/wp\/v2\/categories?post=5644"},{"taxonomy":"post_tag","embeddable":true,"href":"https:\/\/sites.ffkarate.fr\/paysdelaloire\/wp-json\/wp\/v2\/tags?post=5644"}],"curies":[{"name":"wp","href":"https:\/\/api.w.org\/{rel}","templated":true}]}}