{"id":5650,"date":"2019-08-29T12:24:37","date_gmt":"2019-08-29T10:24:37","guid":{"rendered":"https:\/\/sites.ffkarate.fr\/paysdelaloire\/?post_type=news&amp;p=5650"},"modified":"2019-08-29T12:24:37","modified_gmt":"2019-08-29T10:24:37","slug":"karate-detection-federale-des-jeunes-talents","status":"publish","type":"post","link":"https:\/\/sites.ffkarate.fr\/paysdelaloire\/2019\/08\/29\/karate-detection-federale-des-jeunes-talents\/","title":{"rendered":"KARATE &#8211; D\u00e9tection f\u00e9d\u00e9rale des jeunes talents"},"content":{"rendered":"<div class=\"wpb-content-wrapper\"><p>[vc_row][vc_column][vc_column_text]<a href=\"https:\/\/sites.ffkarate.fr\/paysdelaloire\/wp-content\/uploads\/sites\/120\/2019\/08\/Stage_EdF_Karate_Feminine-Quiberon-186-1000x700-1.jpg\"><img decoding=\"async\" class=\"aligncenter size-full wp-image-5652\" src=\"https:\/\/sites.ffkarate.fr\/paysdelaloire\/wp-content\/uploads\/sites\/120\/2019\/08\/Stage_EdF_Karate_Feminine-Quiberon-186-1000x700-1.jpg\" alt=\"Stage_EdF_Karate_Feminine-Quiberon-186-1000x700\" width=\"1000\" height=\"700\" \/><\/a><\/p>\n<p>Dans le cadre du <strong>projet de d\u00e9tection et de formation<\/strong> des jeunes talents initi\u00e9 la saison derni\u00e8re par la f\u00e9d\u00e9ration,<strong> les entra\u00eeneurs nationaux Franck BISSON et Alexandre BIAMONTI<\/strong> se d\u00e9placeront comme la saison pass\u00e9e sur notre Ligue r\u00e9gionale des Pays de la Loire.<\/p>\n<p>2\u00a0 mercredis apr\u00e8s-midi sont programm\u00e9s dans cette configuration :<\/p>\n<ul>\n<li>Un groupe (1) pour les benjamins 2 \/ minimes 1-2 de 13h30-15h30<\/li>\n<li>1h de pause et d\u2019\u00e9changes sur diff\u00e9rents th\u00e8mes avec les groupes 1 et 2 de 15h30-16h30<\/li>\n<li>Un groupe (2) pour les cadets \/ juniors (1-2) de 16h30-18h30<\/li>\n<\/ul>\n<p>Notez d\u00e8s maintenant les dates sur votre agenda :<\/p>\n<ul>\n<li>Le 15 janvier 2020 \u00e0 Nantes (\u00e0 confirmer)<\/li>\n<li>Le 27 mai 2020 \u00e0 Nantes (\u00e0 confirmer)<\/li>\n<\/ul>\n<p>[\/vc_column_text][\/vc_column][\/vc_row]<\/p>\n<\/div>","protected":false},"excerpt":{"rendered":"<p>[vc_row][vc_column][vc_column_text] Dans le cadre du projet de d\u00e9tection et de formation des jeunes talents initi\u00e9 la saison derni\u00e8re par la f\u00e9d\u00e9ration, les entra\u00eeneurs nationaux Franck BISSON et Alexandre BIAMONTI se d\u00e9placeront comme la saison pass\u00e9e sur notre Ligue r\u00e9gionale des Pays de la Loire. 2\u00a0 mercredis apr\u00e8s-midi sont programm\u00e9s dans cette configuration : Un groupe [&hellip;]<\/p>\n","protected":false},"author":132,"featured_media":5652,"comment_status":"closed","ping_status":"closed","sticky":false,"template":"","format":"standard","meta":{"footnotes":""},"categories":[1],"tags":[],"class_list":["post-5650","post","type-post","status-publish","format-standard","hentry","category-non-classe"],"_links":{"self":[{"href":"https:\/\/sites.ffkarate.fr\/paysdelaloire\/wp-json\/wp\/v2\/posts\/5650","targetHints":{"allow":["GET"]}}],"collection":[{"href":"https:\/\/sites.ffkarate.fr\/paysdelaloire\/wp-json\/wp\/v2\/posts"}],"about":[{"href":"https:\/\/sites.ffkarate.fr\/paysdelaloire\/wp-json\/wp\/v2\/types\/post"}],"author":[{"embeddable":true,"href":"https:\/\/sites.ffkarate.fr\/paysdelaloire\/wp-json\/wp\/v2\/users\/132"}],"replies":[{"embeddable":true,"href":"https:\/\/sites.ffkarate.fr\/paysdelaloire\/wp-json\/wp\/v2\/comments?post=5650"}],"version-history":[{"count":0,"href":"https:\/\/sites.ffkarate.fr\/paysdelaloire\/wp-json\/wp\/v2\/posts\/5650\/revisions"}],"wp:featuredmedia":[{"embeddable":true,"href":"https:\/\/sites.ffkarate.fr\/paysdelaloire\/wp-json\/wp\/v2\/media\/5652"}],"wp:attachment":[{"href":"https:\/\/sites.ffkarate.fr\/paysdelaloire\/wp-json\/wp\/v2\/media?parent=5650"}],"wp:term":[{"taxonomy":"category","embeddable":true,"href":"https:\/\/sites.ffkarate.fr\/paysdelaloire\/wp-json\/wp\/v2\/categories?post=5650"},{"taxonomy":"post_tag","embeddable":true,"href":"https:\/\/sites.ffkarate.fr\/paysdelaloire\/wp-json\/wp\/v2\/tags?post=5650"}],"curies":[{"name":"wp","href":"https:\/\/api.w.org\/{rel}","templated":true}]}}