{"id":5670,"date":"2019-09-06T09:25:50","date_gmt":"2019-09-06T07:25:50","guid":{"rendered":"https:\/\/sites.ffkarate.fr\/paysdelaloire\/?post_type=news&amp;p=5670"},"modified":"2019-09-06T09:25:50","modified_gmt":"2019-09-06T07:25:50","slug":"examen-national-kata-2019-2020","status":"publish","type":"post","link":"https:\/\/sites.ffkarate.fr\/paysdelaloire\/2019\/09\/06\/examen-national-kata-2019-2020\/","title":{"rendered":"Examen national Kata 2019-2020"},"content":{"rendered":"<div class=\"wpb-content-wrapper\"><p>[vc_row][vc_column][vc_column_text]<\/p>\n<div><a href=\"https:\/\/sites.ffkarate.fr\/paysdelaloire\/wp-content\/uploads\/sites\/120\/2019\/08\/Article_Examen_arbitrage_Slider_2017.jpg\"><img decoding=\"async\" class=\"aligncenter size-full wp-image-5639\" src=\"https:\/\/sites.ffkarate.fr\/paysdelaloire\/wp-content\/uploads\/sites\/120\/2019\/08\/Article_Examen_arbitrage_Slider_2017.jpg\" alt=\"Article_Examen_arbitrage_Slider_2017\" width=\"830\" height=\"394\" \/><\/a><\/div>\n<div>La Commission Nationale d&rsquo;Arbitrage (CNA) demande au responsable d&rsquo;arbitrage des Ligues R\u00e9gionales de\u00a0 transmettre la liste des candidats pour l&rsquo;examen d&rsquo;arbitre National A &amp; B.<\/div>\n<div><\/div>\n<div><\/div>\n<div>La date limite est le <b>19 octobre 2019<\/b>. Au-del\u00e0 de cette date aucune inscription ne sera possible.<\/div>\n<div><\/div>\n<div><\/div>\n<div>L\u2019examen d\u2019arbitre National A\u00a0 aura lieu\u00a0sur 1 session lors du Championnat de France kata du 4 et 5 avril 2020 \u00e0 LILLE.<\/div>\n<div><\/div>\n<div><\/div>\n<div>L\u2019examen d\u2019arbitre National B se fera quant \u00e0 lui sur 2 sessions :<\/div>\n<div>\n<ul>\n<li>1\u00e8re session lors de la Coupe de France Kata du 23 et 24 novembre 2019<\/li>\n<li>2\u00e8me session lors Coupe de France combats Cadets et Espoirs Ind. M\/F + Coupe de France kata MCJE M\/F du 18 et 19 janvier 2020<\/li>\n<\/ul>\n<p>&nbsp;<\/p>\n<\/div>\n<div><b><u>ATTENTION<\/u><\/b>\u00a0: Apr\u00e8s les inscriptions, c\u2019est la CNA qui d\u00e9terminera la date de l\u2019examen pour tous les candidats, ils recevront la convocation par mail (il est impossible de participer \u00e0 2 sessions sur la m\u00eame saison).<\/div>\n<div><\/div>\n<div><\/div>\n<div>Pour participer \u00e0 cet examen il faut : la tenue officielle, feuille d&rsquo;inscription d\u00fbment remplie, Passeport Sportif, Licence 2019-2020, Grade minimum 2\u00e8me Dan, 1 photo d&rsquo;identit\u00e9 r\u00e9cente.<\/div>\n<div><\/div>\n<div><\/div>\n<div>Merci de vous faire conna\u00eetre aupr\u00e8s de <strong>Philippe Cozien, Responsable R\u00e9gional d&rsquo;Arbitrage \u00e0 l&rsquo;adresse suivante : <\/strong><\/div>\n<div><a class=\"Yh1nIb asUmFb AL18ce\" href=\"mailto:rra.karate.pdl@gmail.com\" target=\"_blank\" rel=\"noopener\">rra.karate.pdl@gmail.com<\/a><\/div>\n<div><\/div>\n<div><\/div>\n<p>[\/vc_column_text][\/vc_column][\/vc_row]<\/p>\n<\/div>","protected":false},"excerpt":{"rendered":"<p>[vc_row][vc_column][vc_column_text] La Commission Nationale d&rsquo;Arbitrage (CNA) demande au responsable d&rsquo;arbitrage des Ligues R\u00e9gionales de\u00a0 transmettre la liste des candidats pour l&rsquo;examen d&rsquo;arbitre National A &amp; B. La date limite est le 19 octobre 2019. Au-del\u00e0 de cette date aucune inscription ne sera possible. L\u2019examen d\u2019arbitre National A\u00a0 aura lieu\u00a0sur 1 session lors du Championnat de [&hellip;]<\/p>\n","protected":false},"author":132,"featured_media":5639,"comment_status":"closed","ping_status":"closed","sticky":false,"template":"","format":"standard","meta":{"footnotes":""},"categories":[1],"tags":[],"class_list":["post-5670","post","type-post","status-publish","format-standard","hentry","category-non-classe"],"_links":{"self":[{"href":"https:\/\/sites.ffkarate.fr\/paysdelaloire\/wp-json\/wp\/v2\/posts\/5670","targetHints":{"allow":["GET"]}}],"collection":[{"href":"https:\/\/sites.ffkarate.fr\/paysdelaloire\/wp-json\/wp\/v2\/posts"}],"about":[{"href":"https:\/\/sites.ffkarate.fr\/paysdelaloire\/wp-json\/wp\/v2\/types\/post"}],"author":[{"embeddable":true,"href":"https:\/\/sites.ffkarate.fr\/paysdelaloire\/wp-json\/wp\/v2\/users\/132"}],"replies":[{"embeddable":true,"href":"https:\/\/sites.ffkarate.fr\/paysdelaloire\/wp-json\/wp\/v2\/comments?post=5670"}],"version-history":[{"count":0,"href":"https:\/\/sites.ffkarate.fr\/paysdelaloire\/wp-json\/wp\/v2\/posts\/5670\/revisions"}],"wp:featuredmedia":[{"embeddable":true,"href":"https:\/\/sites.ffkarate.fr\/paysdelaloire\/wp-json\/wp\/v2\/media\/5639"}],"wp:attachment":[{"href":"https:\/\/sites.ffkarate.fr\/paysdelaloire\/wp-json\/wp\/v2\/media?parent=5670"}],"wp:term":[{"taxonomy":"category","embeddable":true,"href":"https:\/\/sites.ffkarate.fr\/paysdelaloire\/wp-json\/wp\/v2\/categories?post=5670"},{"taxonomy":"post_tag","embeddable":true,"href":"https:\/\/sites.ffkarate.fr\/paysdelaloire\/wp-json\/wp\/v2\/tags?post=5670"}],"curies":[{"name":"wp","href":"https:\/\/api.w.org\/{rel}","templated":true}]}}