{"id":5707,"date":"2019-09-15T21:48:40","date_gmt":"2019-09-15T19:48:40","guid":{"rendered":"https:\/\/sites.ffkarate.fr\/paysdelaloire\/?post_type=news&amp;p=5707"},"modified":"2019-09-15T21:48:40","modified_gmt":"2019-09-15T19:48:40","slug":"reunion-des-presidents-a-montpellier","status":"publish","type":"post","link":"https:\/\/sites.ffkarate.fr\/paysdelaloire\/2019\/09\/15\/reunion-des-presidents-a-montpellier\/","title":{"rendered":"R\u00e9union des pr\u00e9sidents \u00e0 Montpellier"},"content":{"rendered":"<div class=\"wpb-content-wrapper\"><p>[vc_row][vc_column][vc_column_text]Retour en photos de la r\u00e9union des pr\u00e9sidents des Ligues r\u00e9gionales, Zone interd\u00e9partementales &amp; Comit\u00e9s d\u00e9partementaux \u00e0 Montpellier.<\/p>\n<div id=\"js_4d7\" class=\"_5pbx userContent _3576\">\n<p>Franck Valenti \u00e9tait accompagn\u00e9 par vos pr\u00e9sidents de d\u00e9partements.<\/p>\n<p>L&rsquo;\u00e9quipe est ci-dessous en pr\u00e9sence du directeur technique national, Dominique CHARRE, du s\u00e9cr\u00e9taire g\u00e9n\u00e9ral, Philippe BOULET, et du pr\u00e9sident de la F\u00e9d\u00e9ration Fran\u00e7is DIDIER.<\/p>\n<p>&nbsp;<\/p>\n<\/div>\n<p><a href=\"https:\/\/sites.ffkarate.fr\/paysdelaloire\/wp-content\/uploads\/sites\/120\/2019\/09\/20190915_121335.jpg\"><img decoding=\"async\" class=\"aligncenter size-large wp-image-5708\" src=\"https:\/\/sites.ffkarate.fr\/paysdelaloire\/wp-content\/uploads\/sites\/120\/2019\/09\/20190915_121335-1024x768.jpg\" alt=\"20190915_121335\" width=\"640\" height=\"480\" \/><\/a><\/p>\n<p><a href=\"https:\/\/sites.ffkarate.fr\/paysdelaloire\/wp-content\/uploads\/sites\/57\/2019\/09\/20190914_094757.jpg\"><img decoding=\"async\" class=\"aligncenter size-large wp-image-5709\" src=\"https:\/\/sites.ffkarate.fr\/paysdelaloire\/wp-content\/uploads\/sites\/57\/2019\/09\/20190914_094757-1024x768.jpg\" alt=\"20190914_094757\" width=\"640\" height=\"480\" \/><\/a>[\/vc_column_text][\/vc_column][\/vc_row]<\/p>\n<\/div>","protected":false},"excerpt":{"rendered":"<p>[vc_row][vc_column][vc_column_text]Retour en photos de la r\u00e9union des pr\u00e9sidents des Ligues r\u00e9gionales, Zone interd\u00e9partementales &amp; Comit\u00e9s d\u00e9partementaux \u00e0 Montpellier. Franck Valenti \u00e9tait accompagn\u00e9 par vos pr\u00e9sidents de d\u00e9partements. L&rsquo;\u00e9quipe est ci-dessous en pr\u00e9sence du directeur technique national, Dominique CHARRE, du s\u00e9cr\u00e9taire g\u00e9n\u00e9ral, Philippe BOULET, et du pr\u00e9sident de la F\u00e9d\u00e9ration Fran\u00e7is DIDIER. &nbsp; [\/vc_column_text][\/vc_column][\/vc_row]<\/p>\n","protected":false},"author":132,"featured_media":5708,"comment_status":"closed","ping_status":"closed","sticky":false,"template":"","format":"standard","meta":{"footnotes":""},"categories":[1],"tags":[],"class_list":["post-5707","post","type-post","status-publish","format-standard","hentry","category-non-classe"],"_links":{"self":[{"href":"https:\/\/sites.ffkarate.fr\/paysdelaloire\/wp-json\/wp\/v2\/posts\/5707","targetHints":{"allow":["GET"]}}],"collection":[{"href":"https:\/\/sites.ffkarate.fr\/paysdelaloire\/wp-json\/wp\/v2\/posts"}],"about":[{"href":"https:\/\/sites.ffkarate.fr\/paysdelaloire\/wp-json\/wp\/v2\/types\/post"}],"author":[{"embeddable":true,"href":"https:\/\/sites.ffkarate.fr\/paysdelaloire\/wp-json\/wp\/v2\/users\/132"}],"replies":[{"embeddable":true,"href":"https:\/\/sites.ffkarate.fr\/paysdelaloire\/wp-json\/wp\/v2\/comments?post=5707"}],"version-history":[{"count":0,"href":"https:\/\/sites.ffkarate.fr\/paysdelaloire\/wp-json\/wp\/v2\/posts\/5707\/revisions"}],"wp:featuredmedia":[{"embeddable":true,"href":"https:\/\/sites.ffkarate.fr\/paysdelaloire\/wp-json\/wp\/v2\/media\/5708"}],"wp:attachment":[{"href":"https:\/\/sites.ffkarate.fr\/paysdelaloire\/wp-json\/wp\/v2\/media?parent=5707"}],"wp:term":[{"taxonomy":"category","embeddable":true,"href":"https:\/\/sites.ffkarate.fr\/paysdelaloire\/wp-json\/wp\/v2\/categories?post=5707"},{"taxonomy":"post_tag","embeddable":true,"href":"https:\/\/sites.ffkarate.fr\/paysdelaloire\/wp-json\/wp\/v2\/tags?post=5707"}],"curies":[{"name":"wp","href":"https:\/\/api.w.org\/{rel}","templated":true}]}}