{"id":5725,"date":"2019-09-19T15:28:08","date_gmt":"2019-09-19T13:28:08","guid":{"rendered":"https:\/\/sites.ffkarate.fr\/paysdelaloire\/?post_type=news&amp;p=5725"},"modified":"2019-09-19T15:28:08","modified_gmt":"2019-09-19T13:28:08","slug":"tournoi-de-qualification-olympique-karate-2020","status":"publish","type":"post","link":"https:\/\/sites.ffkarate.fr\/paysdelaloire\/2019\/09\/19\/tournoi-de-qualification-olympique-karate-2020\/","title":{"rendered":"Tournoi de qualification Olympique &#8211; Karate 2020"},"content":{"rendered":"<div class=\"wpb-content-wrapper\"><p>[vc_row][vc_column][vc_column_text]<a href=\"https:\/\/sites.ffkarate.fr\/paysdelaloire\/wp-content\/uploads\/sites\/120\/2019\/09\/unnamed1.jpg\"><img decoding=\"async\" class=\"aligncenter size-large wp-image-5726\" src=\"https:\/\/sites.ffkarate.fr\/paysdelaloire\/wp-content\/uploads\/sites\/120\/2019\/09\/unnamed1-1024x682.jpg\" alt=\"unnamed\" width=\"640\" height=\"426\" \/><\/a><\/p>\n<p>La billetterie pour licenci\u00e9s et groupe est d\u00e9sormais\u00a0ouverte !<\/p>\n<p>La f\u00e9d\u00e9ration vient de transmettre l&rsquo;ensemble des informations.<\/p>\n<p>Le tournoi qualificatif se d\u00e9roulera <b>Les 8, 9, 10 mai 2020<\/b>\u00a0 \u00e0 l&rsquo;AccorHotels Arena (Paris) avec un Tarif sp\u00e9cial :<b>\u00a0-20% sur les tarifs Grand Public.\u00a0<\/b><\/p>\n<p>Ne manquez pas cet \u00e9v\u00e9nement unique, <a href=\"http:\/\/ml.redir.ffkarate.fr\/lnk\/ANEAAEz7R3oAAcce_6wAACzR8ZoAAJU_i2EAHlCwAAFnwwBdg4A9dfsho0nGQ4e3wnwnqrTdYQABWCs\/3\/3iIpM7ZLCtepr1V5363wEw\/aHR0cHM6Ly9iaWxsZXR0ZXJpZS5hY2NvcmhvdGVsc2FyZW5hLmNvbS9mci9saXN0ZS90b3Vybm9pLWRlLXF1YWxpZmljYXRpb24ta2FyYXRlLTIwMjAtYmlsbGV0L2lkbGlzdC81MS9jb2R0eXBhZGgvRkNNL251bWFkaC8wMS9jb2RlY29uZi9GVE1TMDE\" target=\"_blank\" rel=\"noopener\">achetez vos places*.<\/a>[\/vc_column_text][\/vc_column][\/vc_row]<\/p>\n<\/div>","protected":false},"excerpt":{"rendered":"<p>[vc_row][vc_column][vc_column_text] La billetterie pour licenci\u00e9s et groupe est d\u00e9sormais\u00a0ouverte ! La f\u00e9d\u00e9ration vient de transmettre l&rsquo;ensemble des informations. Le tournoi qualificatif se d\u00e9roulera Les 8, 9, 10 mai 2020\u00a0 \u00e0 l&rsquo;AccorHotels Arena (Paris) avec un Tarif sp\u00e9cial :\u00a0-20% sur les tarifs Grand Public.\u00a0 Ne manquez pas cet \u00e9v\u00e9nement unique, achetez vos places*.[\/vc_column_text][\/vc_column][\/vc_row]<\/p>\n","protected":false},"author":132,"featured_media":5726,"comment_status":"closed","ping_status":"closed","sticky":false,"template":"","format":"standard","meta":{"footnotes":""},"categories":[1],"tags":[],"class_list":["post-5725","post","type-post","status-publish","format-standard","hentry","category-non-classe"],"_links":{"self":[{"href":"https:\/\/sites.ffkarate.fr\/paysdelaloire\/wp-json\/wp\/v2\/posts\/5725","targetHints":{"allow":["GET"]}}],"collection":[{"href":"https:\/\/sites.ffkarate.fr\/paysdelaloire\/wp-json\/wp\/v2\/posts"}],"about":[{"href":"https:\/\/sites.ffkarate.fr\/paysdelaloire\/wp-json\/wp\/v2\/types\/post"}],"author":[{"embeddable":true,"href":"https:\/\/sites.ffkarate.fr\/paysdelaloire\/wp-json\/wp\/v2\/users\/132"}],"replies":[{"embeddable":true,"href":"https:\/\/sites.ffkarate.fr\/paysdelaloire\/wp-json\/wp\/v2\/comments?post=5725"}],"version-history":[{"count":0,"href":"https:\/\/sites.ffkarate.fr\/paysdelaloire\/wp-json\/wp\/v2\/posts\/5725\/revisions"}],"wp:featuredmedia":[{"embeddable":true,"href":"https:\/\/sites.ffkarate.fr\/paysdelaloire\/wp-json\/wp\/v2\/media\/5726"}],"wp:attachment":[{"href":"https:\/\/sites.ffkarate.fr\/paysdelaloire\/wp-json\/wp\/v2\/media?parent=5725"}],"wp:term":[{"taxonomy":"category","embeddable":true,"href":"https:\/\/sites.ffkarate.fr\/paysdelaloire\/wp-json\/wp\/v2\/categories?post=5725"},{"taxonomy":"post_tag","embeddable":true,"href":"https:\/\/sites.ffkarate.fr\/paysdelaloire\/wp-json\/wp\/v2\/tags?post=5725"}],"curies":[{"name":"wp","href":"https:\/\/api.w.org\/{rel}","templated":true}]}}