{"id":5730,"date":"2019-09-23T08:49:49","date_gmt":"2019-09-23T06:49:49","guid":{"rendered":"https:\/\/sites.ffkarate.fr\/paysdelaloire\/?post_type=news&amp;p=5730"},"modified":"2019-09-23T08:49:49","modified_gmt":"2019-09-23T06:49:49","slug":"amv-inscriptions-prealables-aux-information-theoriques-sur-les-grades-jurys-et-professeurs","status":"publish","type":"post","link":"https:\/\/sites.ffkarate.fr\/paysdelaloire\/2019\/09\/23\/amv-inscriptions-prealables-aux-information-theoriques-sur-les-grades-jurys-et-professeurs\/","title":{"rendered":"AMV &#8211; Inscriptions pr\u00e9alables aux information th\u00e9oriques sur les grades"},"content":{"rendered":"<div class=\"wpb-content-wrapper\"><p>[vc_row][vc_column][vc_column_text]<\/p>\n<div class=\"gmail_default\">Bonjour \u00e0 toutes et tous,<\/div>\n<div class=\"gmail_default\"><\/div>\n<div class=\"gmail_default\">Pour la bonne organisation des informations th\u00e9oriques sur les grades nous vous remercions d&rsquo;utiliser et de faire conna\u00eetre \u00e0 vos professeurs et vos grad\u00e9s les liens des formulaires d&rsquo;inscriptions pour y participer\u00a0 le 6 octobre 2019 \u00e0 Mayenne (53100), dojo Lucie Aubrac , rue Pierre Brossolette\u00a0 :<\/div>\n<div class=\"gmail_default\"><\/div>\n<ul>\n<li class=\"gmail_default\">Pour devenir Juges de grade AMV (matin 10h30 \u00e0 12h00) :<a href=\"https:\/\/forms.gle\/6tQfkEZavkN9cAri8\" target=\"_blank\" rel=\"noopener\">\u00a0Formulaire inscription juge de grade r\u00e9gional<\/a><\/li>\n<li class=\"gmail_default\">Pour les professeurs souhaitant se familiariser avec les examens de grades f\u00e9d\u00e9raux dans l&rsquo;objectif de former leurs \u00e9l\u00e8ves en club (apr\u00e8s-midi de 14h00 \u00e0 15h30) :\u00a0<a href=\"https:\/\/forms.gle\/zv7rSpv5bf4AbD7H9\" target=\"_blank\" rel=\"noopener\">Formulaire inscription pr\u00e9paration aux grades des professeurs<\/a><\/li>\n<\/ul>\n<div class=\"gmail_default\"><\/div>\n<div class=\"gmail_default\">Cordialement,<\/div>\n<div class=\"gmail_default\"><\/div>\n<div class=\"gmail_default\">\n<div class=\"gmail_default\">St\u00e9phanie GARNIER<\/div>\n<div class=\"gmail_default\">Responsable Technique R\u00e9gional<\/div>\n<div class=\"gmail_default\">Arts Martiaux Vietnamiens<\/div>\n<\/div>\n<p>[\/vc_column_text][\/vc_column][\/vc_row]<\/p>\n<\/div>","protected":false},"excerpt":{"rendered":"<p>[vc_row][vc_column][vc_column_text] Bonjour \u00e0 toutes et tous, Pour la bonne organisation des informations th\u00e9oriques sur les grades nous vous remercions d&rsquo;utiliser et de faire conna\u00eetre \u00e0 vos professeurs et vos grad\u00e9s les liens des formulaires d&rsquo;inscriptions pour y participer\u00a0 le 6 octobre 2019 \u00e0 Mayenne (53100), dojo Lucie Aubrac , rue Pierre Brossolette\u00a0 : Pour devenir [&hellip;]<\/p>\n","protected":false},"author":132,"featured_media":0,"comment_status":"closed","ping_status":"closed","sticky":false,"template":"","format":"standard","meta":{"footnotes":""},"categories":[1],"tags":[],"class_list":["post-5730","post","type-post","status-publish","format-standard","hentry","category-non-classe"],"_links":{"self":[{"href":"https:\/\/sites.ffkarate.fr\/paysdelaloire\/wp-json\/wp\/v2\/posts\/5730","targetHints":{"allow":["GET"]}}],"collection":[{"href":"https:\/\/sites.ffkarate.fr\/paysdelaloire\/wp-json\/wp\/v2\/posts"}],"about":[{"href":"https:\/\/sites.ffkarate.fr\/paysdelaloire\/wp-json\/wp\/v2\/types\/post"}],"author":[{"embeddable":true,"href":"https:\/\/sites.ffkarate.fr\/paysdelaloire\/wp-json\/wp\/v2\/users\/132"}],"replies":[{"embeddable":true,"href":"https:\/\/sites.ffkarate.fr\/paysdelaloire\/wp-json\/wp\/v2\/comments?post=5730"}],"version-history":[{"count":0,"href":"https:\/\/sites.ffkarate.fr\/paysdelaloire\/wp-json\/wp\/v2\/posts\/5730\/revisions"}],"wp:attachment":[{"href":"https:\/\/sites.ffkarate.fr\/paysdelaloire\/wp-json\/wp\/v2\/media?parent=5730"}],"wp:term":[{"taxonomy":"category","embeddable":true,"href":"https:\/\/sites.ffkarate.fr\/paysdelaloire\/wp-json\/wp\/v2\/categories?post=5730"},{"taxonomy":"post_tag","embeddable":true,"href":"https:\/\/sites.ffkarate.fr\/paysdelaloire\/wp-json\/wp\/v2\/tags?post=5730"}],"curies":[{"name":"wp","href":"https:\/\/api.w.org\/{rel}","templated":true}]}}