{"id":5766,"date":"2019-10-07T11:16:12","date_gmt":"2019-10-07T09:16:12","guid":{"rendered":"https:\/\/sites.ffkarate.fr\/paysdelaloire\/?post_type=news&amp;p=5766"},"modified":"2019-10-07T11:16:12","modified_gmt":"2019-10-07T09:16:12","slug":"reunion-dinformations-pour-les-juges-des-grades-de-la-ligue","status":"publish","type":"post","link":"https:\/\/sites.ffkarate.fr\/paysdelaloire\/2019\/10\/07\/reunion-dinformations-pour-les-juges-des-grades-de-la-ligue\/","title":{"rendered":"R\u00e9union d&rsquo;informations pour les juges des grades de la Ligue"},"content":{"rendered":"<div class=\"wpb-content-wrapper\"><p>[vc_row][vc_column][vc_column_text]<img decoding=\"async\" class=\"aligncenter size-large wp-image-5767\" src=\"https:\/\/sites.ffkarate.fr\/paysdelaloire\/wp-content\/uploads\/sites\/120\/2019\/10\/20191006_170223-1024x659.jpg\" alt=\"20191006_170223\" width=\"640\" height=\"412\" \/><\/p>\n<p>Afin d&rsquo;\u00e9tablir la liste des juges de Ligue pour la saison 2019\/2020, Fabrice Bosch, responsable des grades Karat\u00e9 de la Ligue r\u00e9gionale des Pays de la Loire avait convi\u00e9 les licenci\u00e9s CN 4\u00e8me Dan minimum \u00e0 une r\u00e9union d&rsquo;information.<\/p>\n<p><strong>22 licenci\u00e9s et grad\u00e9s de la ligue ont fait le d\u00e9placement et pourront juger les examens de grade de ligue.<\/strong><\/p>\n<p>L&rsquo;apr\u00e8s-midi \u00e9tait r\u00e9serv\u00e9e aux enseignants, non juges.<\/p>\n<p>Cette information, non statutaire avait pour but de pr\u00e9senter les crit\u00e8res de jugement des grades, les \u00e9preuves et donner des pistes \u00e9ventuellement dans la p\u00e9dagogie et pr\u00e9paration des candidats.<\/p>\n<p>Philippe Loirat, CN 5\u00e8me dan du 44 et juge de ligue exp\u00e9riment\u00e9 assistait Fabrice. 4 enseignants ont particip\u00e9 \u00e0 cette apr\u00e8s-midi.[\/vc_column_text][\/vc_column][\/vc_row]<\/p>\n<\/div>","protected":false},"excerpt":{"rendered":"<p>[vc_row][vc_column][vc_column_text] Afin d&rsquo;\u00e9tablir la liste des juges de Ligue pour la saison 2019\/2020, Fabrice Bosch, responsable des grades Karat\u00e9 de la Ligue r\u00e9gionale des Pays de la Loire avait convi\u00e9 les licenci\u00e9s CN 4\u00e8me Dan minimum \u00e0 une r\u00e9union d&rsquo;information. 22 licenci\u00e9s et grad\u00e9s de la ligue ont fait le d\u00e9placement et pourront juger les [&hellip;]<\/p>\n","protected":false},"author":132,"featured_media":5767,"comment_status":"closed","ping_status":"closed","sticky":false,"template":"","format":"standard","meta":{"footnotes":""},"categories":[1],"tags":[],"class_list":["post-5766","post","type-post","status-publish","format-standard","hentry","category-non-classe"],"_links":{"self":[{"href":"https:\/\/sites.ffkarate.fr\/paysdelaloire\/wp-json\/wp\/v2\/posts\/5766","targetHints":{"allow":["GET"]}}],"collection":[{"href":"https:\/\/sites.ffkarate.fr\/paysdelaloire\/wp-json\/wp\/v2\/posts"}],"about":[{"href":"https:\/\/sites.ffkarate.fr\/paysdelaloire\/wp-json\/wp\/v2\/types\/post"}],"author":[{"embeddable":true,"href":"https:\/\/sites.ffkarate.fr\/paysdelaloire\/wp-json\/wp\/v2\/users\/132"}],"replies":[{"embeddable":true,"href":"https:\/\/sites.ffkarate.fr\/paysdelaloire\/wp-json\/wp\/v2\/comments?post=5766"}],"version-history":[{"count":0,"href":"https:\/\/sites.ffkarate.fr\/paysdelaloire\/wp-json\/wp\/v2\/posts\/5766\/revisions"}],"wp:featuredmedia":[{"embeddable":true,"href":"https:\/\/sites.ffkarate.fr\/paysdelaloire\/wp-json\/wp\/v2\/media\/5767"}],"wp:attachment":[{"href":"https:\/\/sites.ffkarate.fr\/paysdelaloire\/wp-json\/wp\/v2\/media?parent=5766"}],"wp:term":[{"taxonomy":"category","embeddable":true,"href":"https:\/\/sites.ffkarate.fr\/paysdelaloire\/wp-json\/wp\/v2\/categories?post=5766"},{"taxonomy":"post_tag","embeddable":true,"href":"https:\/\/sites.ffkarate.fr\/paysdelaloire\/wp-json\/wp\/v2\/tags?post=5766"}],"curies":[{"name":"wp","href":"https:\/\/api.w.org\/{rel}","templated":true}]}}