{"id":5804,"date":"2019-10-14T09:07:23","date_gmt":"2019-10-14T07:07:23","guid":{"rendered":"https:\/\/sites.ffkarate.fr\/paysdelaloire\/?post_type=news&amp;p=5804"},"modified":"2019-10-14T09:07:23","modified_gmt":"2019-10-14T07:07:23","slug":"1er-entrainement-regional-a-nantes","status":"publish","type":"post","link":"https:\/\/sites.ffkarate.fr\/paysdelaloire\/2019\/10\/14\/1er-entrainement-regional-a-nantes\/","title":{"rendered":"1er entrainement r\u00e9gional \u00e0 Nantes"},"content":{"rendered":"<div class=\"wpb-content-wrapper\"><p>[vc_row][vc_column][vc_column_text]<a href=\"https:\/\/sites.ffkarate.fr\/paysdelaloire\/wp-content\/uploads\/sites\/120\/2019\/10\/71932762_396554497950687_3167374261509685248_n.jpg\"><img decoding=\"async\" class=\"aligncenter size-large wp-image-5806\" src=\"https:\/\/sites.ffkarate.fr\/paysdelaloire\/wp-content\/uploads\/sites\/120\/2019\/10\/71932762_396554497950687_3167374261509685248_n-1024x768.jpg\" alt=\"71932762_396554497950687_3167374261509685248_n\" width=\"640\" height=\"480\" \/><\/a><\/p>\n<p>Retour en photos sur l&rsquo;entra\u00eenement r\u00e9gional qui a eu lieu hier \u00e0 Nantes.<\/p>\n<p>&nbsp;<\/p>\n<p>Merci au club KC Nantes pour le pr\u00eat de la salle et pour son accueil toujours au top. Merci \u00e0 tous les comp\u00e9titeurs pour leur travail.<br \/>\nProchain stage le 9 novembre prochain<\/p>\n<p>&nbsp;<\/p>\n<p><a href=\"https:\/\/sites.ffkarate.fr\/paysdelaloire\/wp-content\/uploads\/sites\/120\/2019\/10\/71932762_396554497950687_3167374261509685248_n.jpg\"><img decoding=\"async\" class=\"aligncenter size-large wp-image-5806\" src=\"https:\/\/sites.ffkarate.fr\/paysdelaloire\/wp-content\/uploads\/sites\/120\/2019\/10\/71932762_396554497950687_3167374261509685248_n-1024x768.jpg\" alt=\"71932762_396554497950687_3167374261509685248_n\" width=\"640\" height=\"480\" \/><\/a><\/p>\n<p>&nbsp;<\/p>\n<p><a href=\"https:\/\/sites.ffkarate.fr\/paysdelaloire\/wp-content\/uploads\/sites\/120\/2019\/10\/72245783_560225891590497_4210118881332690944_n.jpg\"><img decoding=\"async\" class=\"aligncenter size-large wp-image-5808\" src=\"https:\/\/sites.ffkarate.fr\/paysdelaloire\/wp-content\/uploads\/sites\/120\/2019\/10\/72245783_560225891590497_4210118881332690944_n-1024x768.jpg\" alt=\"72245783_560225891590497_4210118881332690944_n\" width=\"640\" height=\"480\" \/><\/a><\/p>\n<p>&nbsp;<\/p>\n<p><a href=\"https:\/\/sites.ffkarate.fr\/paysdelaloire\/wp-content\/uploads\/sites\/120\/2019\/10\/72044109_2480907185288983_6489545234630836224_n.jpg\"><img decoding=\"async\" class=\"aligncenter size-large wp-image-5807\" src=\"https:\/\/sites.ffkarate.fr\/paysdelaloire\/wp-content\/uploads\/sites\/120\/2019\/10\/72044109_2480907185288983_6489545234630836224_n-1024x768.jpg\" alt=\"72044109_2480907185288983_6489545234630836224_n\" width=\"640\" height=\"480\" \/><\/a>[\/vc_column_text][\/vc_column][\/vc_row]<\/p>\n<\/div>","protected":false},"excerpt":{"rendered":"<p>[vc_row][vc_column][vc_column_text] Retour en photos sur l&rsquo;entra\u00eenement r\u00e9gional qui a eu lieu hier \u00e0 Nantes. &nbsp; Merci au club KC Nantes pour le pr\u00eat de la salle et pour son accueil toujours au top. Merci \u00e0 tous les comp\u00e9titeurs pour leur travail. Prochain stage le 9 novembre prochain &nbsp; &nbsp; &nbsp; [\/vc_column_text][\/vc_column][\/vc_row]<\/p>\n","protected":false},"author":132,"featured_media":5806,"comment_status":"closed","ping_status":"closed","sticky":false,"template":"","format":"standard","meta":{"footnotes":""},"categories":[1],"tags":[],"class_list":["post-5804","post","type-post","status-publish","format-standard","hentry","category-non-classe"],"_links":{"self":[{"href":"https:\/\/sites.ffkarate.fr\/paysdelaloire\/wp-json\/wp\/v2\/posts\/5804","targetHints":{"allow":["GET"]}}],"collection":[{"href":"https:\/\/sites.ffkarate.fr\/paysdelaloire\/wp-json\/wp\/v2\/posts"}],"about":[{"href":"https:\/\/sites.ffkarate.fr\/paysdelaloire\/wp-json\/wp\/v2\/types\/post"}],"author":[{"embeddable":true,"href":"https:\/\/sites.ffkarate.fr\/paysdelaloire\/wp-json\/wp\/v2\/users\/132"}],"replies":[{"embeddable":true,"href":"https:\/\/sites.ffkarate.fr\/paysdelaloire\/wp-json\/wp\/v2\/comments?post=5804"}],"version-history":[{"count":0,"href":"https:\/\/sites.ffkarate.fr\/paysdelaloire\/wp-json\/wp\/v2\/posts\/5804\/revisions"}],"wp:featuredmedia":[{"embeddable":true,"href":"https:\/\/sites.ffkarate.fr\/paysdelaloire\/wp-json\/wp\/v2\/media\/5806"}],"wp:attachment":[{"href":"https:\/\/sites.ffkarate.fr\/paysdelaloire\/wp-json\/wp\/v2\/media?parent=5804"}],"wp:term":[{"taxonomy":"category","embeddable":true,"href":"https:\/\/sites.ffkarate.fr\/paysdelaloire\/wp-json\/wp\/v2\/categories?post=5804"},{"taxonomy":"post_tag","embeddable":true,"href":"https:\/\/sites.ffkarate.fr\/paysdelaloire\/wp-json\/wp\/v2\/tags?post=5804"}],"curies":[{"name":"wp","href":"https:\/\/api.w.org\/{rel}","templated":true}]}}