{"id":5815,"date":"2019-10-21T16:37:51","date_gmt":"2019-10-21T14:37:51","guid":{"rendered":"https:\/\/sites.ffkarate.fr\/paysdelaloire\/?post_type=news&amp;p=5815"},"modified":"2019-10-21T16:37:51","modified_gmt":"2019-10-21T14:37:51","slug":"deces-de-cecile-neuville","status":"publish","type":"post","link":"https:\/\/sites.ffkarate.fr\/paysdelaloire\/2019\/10\/21\/deces-de-cecile-neuville\/","title":{"rendered":"D\u00e9c\u00e8s de C\u00e9cile NEUVILLE"},"content":{"rendered":"<div class=\"wpb-content-wrapper\"><p>[vc_row][vc_column][vc_column_text]<a href=\"https:\/\/sites.ffkarate.fr\/paysdelaloire\/wp-content\/uploads\/sites\/120\/2019\/10\/candle-2038736_960_720.jpg\"><img decoding=\"async\" class=\"aligncenter size-full wp-image-5816\" src=\"https:\/\/sites.ffkarate.fr\/paysdelaloire\/wp-content\/uploads\/sites\/120\/2019\/10\/candle-2038736_960_720.jpg\" alt=\"candle-2038736_960_720\" width=\"960\" height=\"640\" \/><\/a><\/p>\n<p>La Ligue R\u00e9gionale de Karat\u00e9 des Pays de La Loire vient d&rsquo;apprendre le d\u00e9c\u00e8s de C\u00e9cile Neuville, Karat\u00e9kate Ceinture Noire 1er DAN du club de Cordemais.<\/p>\n<p>Ag\u00e9e de 35 ans, titulaire d&rsquo;un Dipl\u00f4me D&rsquo;Instructeur F\u00e9d\u00e9ral et comp\u00e9titrice en Para Karat\u00e9, C\u00e9cile \u00e9tait tr\u00e8s pr\u00e9sente au sein de son d\u00e9partement et de sa Ligue.<\/p>\n<p>Toujours souriante, combative, C\u00e9cile nous manquera.<\/p>\n<p><strong>Nous nous associons profond\u00e9ment \u00e0 la tristesse de sa famille. Nous pensons tr\u00e8s fort \u00e0 vous.<\/strong><\/p>\n<p>La c\u00e9r\u00e9monie religieuse se d\u00e9roulera ce Mercredi 23 octobre 2019, \u00e0 15h, en l&rsquo;\u00e9glise de Cordemais.<\/p>\n<p>Une d\u00e9l\u00e9gation de la Ligue sera pr\u00e9sente pour accompagner la famille dans cette terrible \u00e9preuve.[\/vc_column_text][\/vc_column][\/vc_row]<\/p>\n<\/div>","protected":false},"excerpt":{"rendered":"<p>[vc_row][vc_column][vc_column_text] La Ligue R\u00e9gionale de Karat\u00e9 des Pays de La Loire vient d&rsquo;apprendre le d\u00e9c\u00e8s de C\u00e9cile Neuville, Karat\u00e9kate Ceinture Noire 1er DAN du club de Cordemais. Ag\u00e9e de 35 ans, titulaire d&rsquo;un Dipl\u00f4me D&rsquo;Instructeur F\u00e9d\u00e9ral et comp\u00e9titrice en Para Karat\u00e9, C\u00e9cile \u00e9tait tr\u00e8s pr\u00e9sente au sein de son d\u00e9partement et de sa Ligue. Toujours [&hellip;]<\/p>\n","protected":false},"author":132,"featured_media":5816,"comment_status":"closed","ping_status":"closed","sticky":false,"template":"","format":"standard","meta":{"footnotes":""},"categories":[1],"tags":[],"class_list":["post-5815","post","type-post","status-publish","format-standard","hentry","category-non-classe"],"_links":{"self":[{"href":"https:\/\/sites.ffkarate.fr\/paysdelaloire\/wp-json\/wp\/v2\/posts\/5815","targetHints":{"allow":["GET"]}}],"collection":[{"href":"https:\/\/sites.ffkarate.fr\/paysdelaloire\/wp-json\/wp\/v2\/posts"}],"about":[{"href":"https:\/\/sites.ffkarate.fr\/paysdelaloire\/wp-json\/wp\/v2\/types\/post"}],"author":[{"embeddable":true,"href":"https:\/\/sites.ffkarate.fr\/paysdelaloire\/wp-json\/wp\/v2\/users\/132"}],"replies":[{"embeddable":true,"href":"https:\/\/sites.ffkarate.fr\/paysdelaloire\/wp-json\/wp\/v2\/comments?post=5815"}],"version-history":[{"count":0,"href":"https:\/\/sites.ffkarate.fr\/paysdelaloire\/wp-json\/wp\/v2\/posts\/5815\/revisions"}],"wp:featuredmedia":[{"embeddable":true,"href":"https:\/\/sites.ffkarate.fr\/paysdelaloire\/wp-json\/wp\/v2\/media\/5816"}],"wp:attachment":[{"href":"https:\/\/sites.ffkarate.fr\/paysdelaloire\/wp-json\/wp\/v2\/media?parent=5815"}],"wp:term":[{"taxonomy":"category","embeddable":true,"href":"https:\/\/sites.ffkarate.fr\/paysdelaloire\/wp-json\/wp\/v2\/categories?post=5815"},{"taxonomy":"post_tag","embeddable":true,"href":"https:\/\/sites.ffkarate.fr\/paysdelaloire\/wp-json\/wp\/v2\/tags?post=5815"}],"curies":[{"name":"wp","href":"https:\/\/api.w.org\/{rel}","templated":true}]}}