{"id":5820,"date":"2019-10-24T11:35:09","date_gmt":"2019-10-24T09:35:09","guid":{"rendered":"https:\/\/sites.ffkarate.fr\/paysdelaloire\/?post_type=news&amp;p=5820"},"modified":"2019-10-24T11:35:09","modified_gmt":"2019-10-24T09:35:09","slug":"resultats-de-lopen-adidas","status":"publish","type":"post","link":"https:\/\/sites.ffkarate.fr\/paysdelaloire\/2019\/10\/24\/resultats-de-lopen-adidas\/","title":{"rendered":"R\u00e9sultats de l&rsquo;OPEN Adidas"},"content":{"rendered":"<div class=\"wpb-content-wrapper\"><p>[vc_row][vc_column][vc_column_text]<a href=\"https:\/\/sites.ffkarate.fr\/paysdelaloire\/wp-content\/uploads\/sites\/120\/2019\/10\/Open-Adidas-2019-DB-05-1.jpg\"><img decoding=\"async\" class=\"aligncenter size-large wp-image-5822\" src=\"https:\/\/sites.ffkarate.fr\/paysdelaloire\/wp-content\/uploads\/sites\/120\/2019\/10\/Open-Adidas-2019-DB-05-1-1024x683.jpg\" alt=\"Open-Adidas-2019-DB-05-1\" width=\"640\" height=\"427\" \/><\/a><\/p>\n<p>&nbsp;<\/p>\n<p>Nos athl\u00e8tes lig\u00e9riens ont particip\u00e9 le week-end dernier \u00e0 l&rsquo;OPEN ADIDAS \u00e0 Villebon.<\/p>\n<p>Voici les r\u00e9sultats :<\/p>\n<ul>\n<li><strong>VIELLE SASHA<\/strong> &#8211; KARATE CLUB DE BOUAYE &#8211; M\u00e9daille d&rsquo;OR en Minimes -40 kg<\/li>\n<li><strong>DUVAL MARGAUX<\/strong> &#8211; SAMOURAI 2000 &#8211; M\u00e9daille d&rsquo;OR en Cadettes -54 kg<\/li>\n<li><strong>HEURTAULT LEILA &#8211; <\/strong>SAMOURAI 2000 &#8211; M\u00e9daille d&rsquo;OR en S\u00e9niors -61 kg<\/li>\n<li><strong>LORVELLEC LOUISON<\/strong> &#8211; ECOLE LUCONNAISE DE KARATE &#8211; M\u00e9daille d&rsquo;OR en Cadets -40 kg<\/li>\n<\/ul>\n<ul>\n<li><strong>COCHARD LOLA<\/strong> &#8211; FONTENAY KARATE SHOTOKAN &#8211; M\u00e9daille d&rsquo;ARGENT en Minimes -40 kg<\/li>\n<li><strong>LAFOSSE AMANDINE<\/strong> &#8211; ECOLE LUCONNAISE DE KARATE &#8211; M\u00e9daille d&rsquo;ARGENT en S\u00e9niors 68 kg et +<\/li>\n<li><strong>MENNESSIER LOGAN<\/strong> &#8211; SAMOURAI 2000 &#8211; M\u00e9daille d&rsquo;ARGENT en Juniors -55 kg<\/li>\n<li><strong>MERCIER BRIAC<\/strong> &#8211; SAMOURAI 2000 &#8211; M\u00e9daille d&rsquo;ARGENT en Juniors -61 kg<\/li>\n<\/ul>\n<ul>\n<li><strong>BENE NOLAN<\/strong> &#8211; FONTENAY KARATE SHOTOKAN &#8211; M\u00e9daille de BRONZE en Minimes -55 kg<\/li>\n<li><strong>DIOUF-FALL ISSA<\/strong> &#8211; FONTENAY KARATE SHOTOKAN &#8211; M\u00e9daille de BRONZE en Minimes -60 kg<\/li>\n<li><strong>VABRE IMAD DINE<\/strong> &#8211; FONTENAY KARATE SHOTOKAN &#8211; M\u00e9daille de BRONZE en S\u00e9niors -75kg<\/li>\n<\/ul>\n<ul>\n<li><strong>BRARD CLOTILDE<\/strong> &#8211; ECOLE LUCONNAISE DE KARATE &#8211; 5\u00e8me en Juniors -59 kg<\/li>\n<li><strong>COCHARD MARYLOU<\/strong> &#8211; FONTENAY KARATE SHOTOKAN &#8211; 5\u00e8me en Minimes -45 kg<\/li>\n<li><strong>BOUAZZI YOUNES<\/strong> &#8211; CENTRE ETUDES KARATE ST NAZAIRE &#8211; 5\u00e8me en Cadets -40 kg<\/li>\n<li><strong>PERRUCHOT ALEXIS<\/strong> &#8211; FONTENAY KARATE SHOTOKAN &#8211; 5\u00e8me en Cadets -57 kg<\/li>\n<li><strong>LIAIGRE YAEL<\/strong> &#8211; KARATE CLUB DE CHANTONNAY &#8211; 5\u00e8me en Juniors -61 kg<\/li>\n<li><strong>MALLET JONATHAN<\/strong> &#8211; ASPC KARATE &#8211; 5\u00e8me en Cadets -40 kg<\/li>\n<li><strong>CARRE ERIC<\/strong> &#8211; UAM KARATE &#8211; 7\u00e8me en Cadets -57 kg<\/li>\n<li><strong>PEMARTIN THOMAS<\/strong> &#8211; SAMOURAI 2000 &#8211; 7\u00e8me en Cadets -63 kg<\/li>\n<li><strong>LEDAUPHIN AURORE<\/strong> &#8211; FONTENAY KARATE SHOTOKAN &#8211; 7\u00e8me en Minimes -45 kg<\/li>\n<li><strong>LE DIZES DYLAN<\/strong> &#8211; TSUKI KARATE CLUB &#8211; 7\u00e8me en Minimes -60 kg<\/li>\n<li><strong>SOULTYKHANOV MANSOUR<\/strong> &#8211; SAMOURAI 2000 &#8211; 7\u00e8me en Cadets -52 kg<\/li>\n<\/ul>\n<p>F\u00e9licitations pour ces beaux r\u00e9sultats. La saison d\u00e9marre de bien belles mani\u00e8res pour vous et vos clubs.<\/p>\n<p><a href=\"https:\/\/www.ffkarate.fr\/mediatheque\/open-adidas-combats-2019\/\" target=\"_blank\" rel=\"noopener\">Retrouvez toutes les photos sur le site f\u00e9d\u00e9ral<\/a>[\/vc_column_text][\/vc_column][\/vc_row]<\/p>\n<\/div>","protected":false},"excerpt":{"rendered":"<p>[vc_row][vc_column][vc_column_text] &nbsp; Nos athl\u00e8tes lig\u00e9riens ont particip\u00e9 le week-end dernier \u00e0 l&rsquo;OPEN ADIDAS \u00e0 Villebon. Voici les r\u00e9sultats : VIELLE SASHA &#8211; KARATE CLUB DE BOUAYE &#8211; M\u00e9daille d&rsquo;OR en Minimes -40 kg DUVAL MARGAUX &#8211; SAMOURAI 2000 &#8211; M\u00e9daille d&rsquo;OR en Cadettes -54 kg HEURTAULT LEILA &#8211; SAMOURAI 2000 &#8211; M\u00e9daille d&rsquo;OR en S\u00e9niors [&hellip;]<\/p>\n","protected":false},"author":132,"featured_media":5822,"comment_status":"closed","ping_status":"closed","sticky":false,"template":"","format":"standard","meta":{"footnotes":""},"categories":[1],"tags":[],"class_list":["post-5820","post","type-post","status-publish","format-standard","hentry","category-non-classe"],"_links":{"self":[{"href":"https:\/\/sites.ffkarate.fr\/paysdelaloire\/wp-json\/wp\/v2\/posts\/5820","targetHints":{"allow":["GET"]}}],"collection":[{"href":"https:\/\/sites.ffkarate.fr\/paysdelaloire\/wp-json\/wp\/v2\/posts"}],"about":[{"href":"https:\/\/sites.ffkarate.fr\/paysdelaloire\/wp-json\/wp\/v2\/types\/post"}],"author":[{"embeddable":true,"href":"https:\/\/sites.ffkarate.fr\/paysdelaloire\/wp-json\/wp\/v2\/users\/132"}],"replies":[{"embeddable":true,"href":"https:\/\/sites.ffkarate.fr\/paysdelaloire\/wp-json\/wp\/v2\/comments?post=5820"}],"version-history":[{"count":0,"href":"https:\/\/sites.ffkarate.fr\/paysdelaloire\/wp-json\/wp\/v2\/posts\/5820\/revisions"}],"wp:featuredmedia":[{"embeddable":true,"href":"https:\/\/sites.ffkarate.fr\/paysdelaloire\/wp-json\/wp\/v2\/media\/5822"}],"wp:attachment":[{"href":"https:\/\/sites.ffkarate.fr\/paysdelaloire\/wp-json\/wp\/v2\/media?parent=5820"}],"wp:term":[{"taxonomy":"category","embeddable":true,"href":"https:\/\/sites.ffkarate.fr\/paysdelaloire\/wp-json\/wp\/v2\/categories?post=5820"},{"taxonomy":"post_tag","embeddable":true,"href":"https:\/\/sites.ffkarate.fr\/paysdelaloire\/wp-json\/wp\/v2\/tags?post=5820"}],"curies":[{"name":"wp","href":"https:\/\/api.w.org\/{rel}","templated":true}]}}