{"id":5845,"date":"2019-10-28T07:38:13","date_gmt":"2019-10-28T06:38:13","guid":{"rendered":"https:\/\/sites.ffkarate.fr\/paysdelaloire\/?post_type=news&amp;p=5845"},"modified":"2019-10-28T07:38:13","modified_gmt":"2019-10-28T06:38:13","slug":"retour-sur-le-stage-darbitrage","status":"publish","type":"post","link":"https:\/\/sites.ffkarate.fr\/paysdelaloire\/2019\/10\/28\/retour-sur-le-stage-darbitrage\/","title":{"rendered":"Retour sur le stage d&rsquo;arbitrage"},"content":{"rendered":"<div class=\"wpb-content-wrapper\"><p>[vc_row][vc_column][vc_column_text]<\/p>\n<div>\n<div class=\"\">\n<div class=\"_1mf _1mj\"><span><span>Hier, a eu lieu le 1er Stage d&rsquo;arbitrage de la saison. L&rsquo;occasion pour Philippe Cozien, responsable d&rsquo;arbitrage de la Ligue, de pr\u00e9parer son \u00e9quipe pour les comp\u00e9titions \u00e0 venir.<\/span><\/span><\/div>\n<\/div>\n<div class=\"\">\n<div class=\"_1mf _1mj\"><span>\u00a0<\/span><\/div>\n<\/div>\n<div class=\"\">\n<div class=\"_1mf _1mj\"><span><span>Merci \u00e0 tous les juges et arbitres pr\u00e9sents<\/span><\/span><\/div>\n<div class=\"_1mf _1mj\"><\/div>\n<\/div>\n<\/div>\n<div class=\"_1mf _1mj\"><a href=\"https:\/\/sites.ffkarate.fr\/paysdelaloire\/wp-content\/uploads\/sites\/120\/2019\/08\/20191027_100638-Grand.jpg\"><img decoding=\"async\" class=\"aligncenter size-large wp-image-5844\" src=\"https:\/\/sites.ffkarate.fr\/paysdelaloire\/wp-content\/uploads\/sites\/120\/2019\/08\/20191027_100638-Grand-1024x768.jpg\" alt=\"20191027_100638 (Grand)\" width=\"640\" height=\"480\" \/><\/a><\/div>\n<div>\n<div class=\"\">\n<div class=\"_1mf _1mj\"><span>\u00a0<\/span><\/div>\n<\/div>\n<\/div>\n<p>[\/vc_column_text][\/vc_column][\/vc_row]<\/p>\n<\/div>","protected":false},"excerpt":{"rendered":"<p>[vc_row][vc_column][vc_column_text] Hier, a eu lieu le 1er Stage d&rsquo;arbitrage de la saison. L&rsquo;occasion pour Philippe Cozien, responsable d&rsquo;arbitrage de la Ligue, de pr\u00e9parer son \u00e9quipe pour les comp\u00e9titions \u00e0 venir. \u00a0 Merci \u00e0 tous les juges et arbitres pr\u00e9sents \u00a0 [\/vc_column_text][\/vc_column][\/vc_row]<\/p>\n","protected":false},"author":132,"featured_media":5844,"comment_status":"closed","ping_status":"closed","sticky":false,"template":"","format":"standard","meta":{"footnotes":""},"categories":[1],"tags":[],"class_list":["post-5845","post","type-post","status-publish","format-standard","hentry","category-non-classe"],"_links":{"self":[{"href":"https:\/\/sites.ffkarate.fr\/paysdelaloire\/wp-json\/wp\/v2\/posts\/5845","targetHints":{"allow":["GET"]}}],"collection":[{"href":"https:\/\/sites.ffkarate.fr\/paysdelaloire\/wp-json\/wp\/v2\/posts"}],"about":[{"href":"https:\/\/sites.ffkarate.fr\/paysdelaloire\/wp-json\/wp\/v2\/types\/post"}],"author":[{"embeddable":true,"href":"https:\/\/sites.ffkarate.fr\/paysdelaloire\/wp-json\/wp\/v2\/users\/132"}],"replies":[{"embeddable":true,"href":"https:\/\/sites.ffkarate.fr\/paysdelaloire\/wp-json\/wp\/v2\/comments?post=5845"}],"version-history":[{"count":0,"href":"https:\/\/sites.ffkarate.fr\/paysdelaloire\/wp-json\/wp\/v2\/posts\/5845\/revisions"}],"wp:featuredmedia":[{"embeddable":true,"href":"https:\/\/sites.ffkarate.fr\/paysdelaloire\/wp-json\/wp\/v2\/media\/5844"}],"wp:attachment":[{"href":"https:\/\/sites.ffkarate.fr\/paysdelaloire\/wp-json\/wp\/v2\/media?parent=5845"}],"wp:term":[{"taxonomy":"category","embeddable":true,"href":"https:\/\/sites.ffkarate.fr\/paysdelaloire\/wp-json\/wp\/v2\/categories?post=5845"},{"taxonomy":"post_tag","embeddable":true,"href":"https:\/\/sites.ffkarate.fr\/paysdelaloire\/wp-json\/wp\/v2\/tags?post=5845"}],"curies":[{"name":"wp","href":"https:\/\/api.w.org\/{rel}","templated":true}]}}