{"id":5846,"date":"2019-10-29T13:42:30","date_gmt":"2019-10-29T12:42:30","guid":{"rendered":"https:\/\/sites.ffkarate.fr\/paysdelaloire\/?post_type=news&amp;p=5846"},"modified":"2019-10-29T13:42:30","modified_gmt":"2019-10-29T12:42:30","slug":"3-ceintures-mondiales-pour-valerie-perrais","status":"publish","type":"post","link":"https:\/\/sites.ffkarate.fr\/paysdelaloire\/2019\/10\/29\/3-ceintures-mondiales-pour-valerie-perrais\/","title":{"rendered":"3 ceintures mondiales pour Val\u00e9rie Perrais"},"content":{"rendered":"<div class=\"wpb-content-wrapper\"><p>[vc_row][vc_column][vc_column_text]Val\u00e9rie Perrais, responsable r\u00e9gional de la commission f\u00e9minine et r\u00e9f\u00e9rente r\u00e9gionale pour le body karat\u00e9, a r\u00e9ussi une magnifique performance \u00e0 Nordhorn (En Allemagne) lors du championnat du Monde WFMC.<\/p>\n<p>Ces championnats qui ont eu lieu du 18 au 20 octobre dernier ont attir\u00e9 pas moins de 5000 participants pour 42 nations.<\/p>\n<p>Engag\u00e9e en +65 k (cat\u00e9gorie de poids sup\u00e9rieure mais volontairement), Val\u00e9rie Perrais a obtenu 3 ceintures de championnes du Monde :<\/p>\n<blockquote>\n<div dir=\"ltr\">\n<ul>\n<li>Championne du Monde Light Contact (contre une Fran\u00e7aise)<\/li>\n<li>Championne du Monde Kick Light (contre une Allemande)<\/li>\n<li>Championne du Monde Point Fighting (contre une Polonaise)<\/li>\n<\/ul>\n<\/div>\n<\/blockquote>\n<div dir=\"ltr\">\n<p>F\u00e9licitations Val\u00e9rie<\/p>\n<p><a href=\"https:\/\/sites.ffkarate.fr\/paysdelaloire\/wp-content\/uploads\/sites\/57\/2019\/10\/Screenshot_20191020-234744_Messenger.jpg\"><img decoding=\"async\" class=\"aligncenter size-large wp-image-5847\" src=\"https:\/\/sites.ffkarate.fr\/paysdelaloire\/wp-content\/uploads\/sites\/57\/2019\/10\/Screenshot_20191020-234744_Messenger-1024x765.jpg\" alt=\"Screenshot_20191020-234744_Messenger\" width=\"640\" height=\"478\" \/><\/a><\/p>\n<\/div>\n<p>[\/vc_column_text][\/vc_column][\/vc_row]<\/p>\n<\/div>","protected":false},"excerpt":{"rendered":"<p>[vc_row][vc_column][vc_column_text]Val\u00e9rie Perrais, responsable r\u00e9gional de la commission f\u00e9minine et r\u00e9f\u00e9rente r\u00e9gionale pour le body karat\u00e9, a r\u00e9ussi une magnifique performance \u00e0 Nordhorn (En Allemagne) lors du championnat du Monde WFMC. Ces championnats qui ont eu lieu du 18 au 20 octobre dernier ont attir\u00e9 pas moins de 5000 participants pour 42 nations. Engag\u00e9e en +65 [&hellip;]<\/p>\n","protected":false},"author":132,"featured_media":0,"comment_status":"closed","ping_status":"closed","sticky":false,"template":"","format":"standard","meta":{"footnotes":""},"categories":[1],"tags":[],"class_list":["post-5846","post","type-post","status-publish","format-standard","hentry","category-non-classe"],"_links":{"self":[{"href":"https:\/\/sites.ffkarate.fr\/paysdelaloire\/wp-json\/wp\/v2\/posts\/5846","targetHints":{"allow":["GET"]}}],"collection":[{"href":"https:\/\/sites.ffkarate.fr\/paysdelaloire\/wp-json\/wp\/v2\/posts"}],"about":[{"href":"https:\/\/sites.ffkarate.fr\/paysdelaloire\/wp-json\/wp\/v2\/types\/post"}],"author":[{"embeddable":true,"href":"https:\/\/sites.ffkarate.fr\/paysdelaloire\/wp-json\/wp\/v2\/users\/132"}],"replies":[{"embeddable":true,"href":"https:\/\/sites.ffkarate.fr\/paysdelaloire\/wp-json\/wp\/v2\/comments?post=5846"}],"version-history":[{"count":0,"href":"https:\/\/sites.ffkarate.fr\/paysdelaloire\/wp-json\/wp\/v2\/posts\/5846\/revisions"}],"wp:attachment":[{"href":"https:\/\/sites.ffkarate.fr\/paysdelaloire\/wp-json\/wp\/v2\/media?parent=5846"}],"wp:term":[{"taxonomy":"category","embeddable":true,"href":"https:\/\/sites.ffkarate.fr\/paysdelaloire\/wp-json\/wp\/v2\/categories?post=5846"},{"taxonomy":"post_tag","embeddable":true,"href":"https:\/\/sites.ffkarate.fr\/paysdelaloire\/wp-json\/wp\/v2\/tags?post=5846"}],"curies":[{"name":"wp","href":"https:\/\/api.w.org\/{rel}","templated":true}]}}