{"id":5874,"date":"2019-11-14T04:52:35","date_gmt":"2019-11-14T03:52:35","guid":{"rendered":"https:\/\/sites.ffkarate.fr\/paysdelaloire\/?post_type=news&amp;p=5874"},"modified":"2019-11-14T04:52:35","modified_gmt":"2019-11-14T03:52:35","slug":"votre-carte-de-coach-2019-2020","status":"publish","type":"post","link":"https:\/\/sites.ffkarate.fr\/paysdelaloire\/2019\/11\/14\/votre-carte-de-coach-2019-2020\/","title":{"rendered":"Votre carte de coach 2019-2020"},"content":{"rendered":"<div class=\"wpb-content-wrapper\"><p>[vc_row][vc_column][vc_column_text]<a href=\"https:\/\/sites.ffkarate.fr\/paysdelaloire\/wp-content\/uploads\/sites\/120\/2019\/11\/Coaching.jpg\"><img decoding=\"async\" class=\"aligncenter size-full wp-image-5876\" src=\"https:\/\/sites.ffkarate.fr\/paysdelaloire\/wp-content\/uploads\/sites\/120\/2019\/11\/Coaching.jpg\" alt=\"Coaching\" width=\"768\" height=\"513\" \/><\/a><\/p>\n<p>Voici le formulaire pour obtenir votre carte de coach 2019-2020 si vous ne l&rsquo;avez pas re\u00e7u lors de votre premi\u00e8re comp\u00e9tition d\u00e9partementale.<\/p>\n<p>Lors du 1er Meeting d\u00e9partemental, chaque coach s&rsquo;est vu remettre sa carte pour 2 ans. La Ligue propose une session suppl\u00e9mentaire pour ceux qui ne l&rsquo;ont pas re\u00e7u. Merci de nous renvoyer la fiche d&rsquo;inscription au plus vite.<\/p>\n<p><a href=\"https:\/\/sites.ffkarate.fr\/paysdelaloire\/wp-content\/uploads\/sites\/120\/2019\/11\/Demanche-carte-de-coach-ligue-2019-2020.pdf\">T\u00e9l\u00e9charger le formulaire de demande : Carte de coach Ligue 2019-2020<\/a><\/p>\n<p>&nbsp;[\/vc_column_text][\/vc_column][\/vc_row]<\/p>\n<\/div>","protected":false},"excerpt":{"rendered":"<p>[vc_row][vc_column][vc_column_text] Voici le formulaire pour obtenir votre carte de coach 2019-2020 si vous ne l&rsquo;avez pas re\u00e7u lors de votre premi\u00e8re comp\u00e9tition d\u00e9partementale. Lors du 1er Meeting d\u00e9partemental, chaque coach s&rsquo;est vu remettre sa carte pour 2 ans. La Ligue propose une session suppl\u00e9mentaire pour ceux qui ne l&rsquo;ont pas re\u00e7u. Merci de nous renvoyer [&hellip;]<\/p>\n","protected":false},"author":132,"featured_media":5876,"comment_status":"closed","ping_status":"closed","sticky":false,"template":"","format":"standard","meta":{"footnotes":""},"categories":[1],"tags":[],"class_list":["post-5874","post","type-post","status-publish","format-standard","hentry","category-non-classe"],"_links":{"self":[{"href":"https:\/\/sites.ffkarate.fr\/paysdelaloire\/wp-json\/wp\/v2\/posts\/5874","targetHints":{"allow":["GET"]}}],"collection":[{"href":"https:\/\/sites.ffkarate.fr\/paysdelaloire\/wp-json\/wp\/v2\/posts"}],"about":[{"href":"https:\/\/sites.ffkarate.fr\/paysdelaloire\/wp-json\/wp\/v2\/types\/post"}],"author":[{"embeddable":true,"href":"https:\/\/sites.ffkarate.fr\/paysdelaloire\/wp-json\/wp\/v2\/users\/132"}],"replies":[{"embeddable":true,"href":"https:\/\/sites.ffkarate.fr\/paysdelaloire\/wp-json\/wp\/v2\/comments?post=5874"}],"version-history":[{"count":0,"href":"https:\/\/sites.ffkarate.fr\/paysdelaloire\/wp-json\/wp\/v2\/posts\/5874\/revisions"}],"wp:featuredmedia":[{"embeddable":true,"href":"https:\/\/sites.ffkarate.fr\/paysdelaloire\/wp-json\/wp\/v2\/media\/5876"}],"wp:attachment":[{"href":"https:\/\/sites.ffkarate.fr\/paysdelaloire\/wp-json\/wp\/v2\/media?parent=5874"}],"wp:term":[{"taxonomy":"category","embeddable":true,"href":"https:\/\/sites.ffkarate.fr\/paysdelaloire\/wp-json\/wp\/v2\/categories?post=5874"},{"taxonomy":"post_tag","embeddable":true,"href":"https:\/\/sites.ffkarate.fr\/paysdelaloire\/wp-json\/wp\/v2\/tags?post=5874"}],"curies":[{"name":"wp","href":"https:\/\/api.w.org\/{rel}","templated":true}]}}