{"id":5900,"date":"2019-11-21T15:07:35","date_gmt":"2019-11-21T14:07:35","guid":{"rendered":"https:\/\/sites.ffkarate.fr\/paysdelaloire\/?post_type=news&amp;p=5900"},"modified":"2019-11-21T15:07:35","modified_gmt":"2019-11-21T14:07:35","slug":"karate-stage-darbitrage-regional-avec-franck-chereau-arbitre-mondial","status":"publish","type":"post","link":"https:\/\/sites.ffkarate.fr\/paysdelaloire\/2019\/11\/21\/karate-stage-darbitrage-regional-avec-franck-chereau-arbitre-mondial\/","title":{"rendered":"Karat\u00e9 &#8211; Stage d&rsquo;arbitrage r\u00e9gional avec FRANCK CHEREAU &#8211; Arbitre mondial"},"content":{"rendered":"<div class=\"wpb-content-wrapper\"><p>[vc_row][vc_column][vc_column_text]La Ligue r\u00e9gionale des Pays de La Loire organise pour la nouvelle ann\u00e9e, un stage d&rsquo;arbitrage ouvert \u00e0 tous avec Franck Ch\u00e9reau.<\/p>\n<p>Coach, arbitres, comp\u00e9titeurs, juges&#8230; vous \u00eates tous convi\u00e9s pour cette journ\u00e9e d&rsquo;arbitrage. A noter que la Ligue vous offre un buffet froid le midi afin de prolonger les d\u00e9bats autour d&rsquo;une table.<\/p>\n<p>Prenez date \ud83d\ude42<\/p>\n<p><a href=\"https:\/\/sites.ffkarate.fr\/paysdelaloire\/wp-content\/uploads\/sites\/120\/2019\/11\/Affiche_stage_karate_janvier2020.jpg\"><img decoding=\"async\" class=\"aligncenter wp-image-5901 size-full\" src=\"https:\/\/sites.ffkarate.fr\/paysdelaloire\/wp-content\/uploads\/sites\/120\/2019\/11\/Affiche_stage_karate_janvier2020.jpg\" alt=\"Affiche_stage_karate_janvier2020\" width=\"596\" height=\"842\" \/><\/a> <a href=\"https:\/\/sites.ffkarate.fr\/paysdelaloire\/wp-content\/uploads\/sites\/120\/2019\/11\/Affiche_stage_karate_janvier20202.jpg\"><img decoding=\"async\" class=\"aligncenter wp-image-5902 size-full\" src=\"https:\/\/sites.ffkarate.fr\/paysdelaloire\/wp-content\/uploads\/sites\/120\/2019\/11\/Affiche_stage_karate_janvier20202.jpg\" alt=\"Affiche_stage_karate_janvier20202\" width=\"596\" height=\"842\" \/><\/a>[\/vc_column_text][\/vc_column][\/vc_row]<\/p>\n<\/div>","protected":false},"excerpt":{"rendered":"<p>[vc_row][vc_column][vc_column_text]La Ligue r\u00e9gionale des Pays de La Loire organise pour la nouvelle ann\u00e9e, un stage d&rsquo;arbitrage ouvert \u00e0 tous avec Franck Ch\u00e9reau. Coach, arbitres, comp\u00e9titeurs, juges&#8230; vous \u00eates tous convi\u00e9s pour cette journ\u00e9e d&rsquo;arbitrage. A noter que la Ligue vous offre un buffet froid le midi afin de prolonger les d\u00e9bats autour d&rsquo;une table. Prenez [&hellip;]<\/p>\n","protected":false},"author":132,"featured_media":0,"comment_status":"closed","ping_status":"closed","sticky":false,"template":"","format":"standard","meta":{"footnotes":""},"categories":[1],"tags":[],"class_list":["post-5900","post","type-post","status-publish","format-standard","hentry","category-non-classe"],"_links":{"self":[{"href":"https:\/\/sites.ffkarate.fr\/paysdelaloire\/wp-json\/wp\/v2\/posts\/5900","targetHints":{"allow":["GET"]}}],"collection":[{"href":"https:\/\/sites.ffkarate.fr\/paysdelaloire\/wp-json\/wp\/v2\/posts"}],"about":[{"href":"https:\/\/sites.ffkarate.fr\/paysdelaloire\/wp-json\/wp\/v2\/types\/post"}],"author":[{"embeddable":true,"href":"https:\/\/sites.ffkarate.fr\/paysdelaloire\/wp-json\/wp\/v2\/users\/132"}],"replies":[{"embeddable":true,"href":"https:\/\/sites.ffkarate.fr\/paysdelaloire\/wp-json\/wp\/v2\/comments?post=5900"}],"version-history":[{"count":0,"href":"https:\/\/sites.ffkarate.fr\/paysdelaloire\/wp-json\/wp\/v2\/posts\/5900\/revisions"}],"wp:attachment":[{"href":"https:\/\/sites.ffkarate.fr\/paysdelaloire\/wp-json\/wp\/v2\/media?parent=5900"}],"wp:term":[{"taxonomy":"category","embeddable":true,"href":"https:\/\/sites.ffkarate.fr\/paysdelaloire\/wp-json\/wp\/v2\/categories?post=5900"},{"taxonomy":"post_tag","embeddable":true,"href":"https:\/\/sites.ffkarate.fr\/paysdelaloire\/wp-json\/wp\/v2\/tags?post=5900"}],"curies":[{"name":"wp","href":"https:\/\/api.w.org\/{rel}","templated":true}]}}