{"id":5920,"date":"2019-12-19T09:58:26","date_gmt":"2019-12-19T08:58:26","guid":{"rendered":"https:\/\/sites.ffkarate.fr\/paysdelaloire\/?post_type=news&amp;p=5920"},"modified":"2019-12-19T09:58:26","modified_gmt":"2019-12-19T08:58:26","slug":"2-nouveaux-8eme-dan-dans-notre-ligue","status":"publish","type":"post","link":"https:\/\/sites.ffkarate.fr\/paysdelaloire\/2019\/12\/19\/2-nouveaux-8eme-dan-dans-notre-ligue\/","title":{"rendered":"3 nouveaux 8\u00e8me DAN dans notre Ligue"},"content":{"rendered":"<div class=\"wpb-content-wrapper\"><p>[vc_row][vc_column][vc_column_text]Avec le soutien de La Ligue r\u00e9gional et de son pr\u00e9sident, Franck Valenti, 3 nouveaux 8\u00e8me Dan ont \u00e9t\u00e9 attribu\u00e9s lors la commission des grades du 5 d\u00e9cembre 2019 :<\/p>\n<ul>\n<li><strong>Eric Garnier de Trelaz\u00e9 (49), <\/strong><\/li>\n<li><strong>Ali <span class=\"S3Uucc\">Rechdoaui du KCN (44), <\/span><\/strong><\/li>\n<li><strong><span class=\"S3Uucc\">Philippe Lhommeau du Samourai 2000 (72)<br \/>\n<\/span><\/strong><\/li>\n<\/ul>\n<p><span class=\"S3Uucc\">Grades totalement m\u00e9rit\u00e9s pour ces grands karat\u00e9kas de notre r\u00e9gion.<\/span><strong><span class=\"S3Uucc\"><br \/>\n<\/span><\/strong><\/p>\n<p>La Ligue des Pays de La Loire les f\u00e9licite vivement.<\/p>\n<p>&nbsp;[\/vc_column_text][\/vc_column][\/vc_row]<\/p>\n<\/div>","protected":false},"excerpt":{"rendered":"<p>[vc_row][vc_column][vc_column_text]Avec le soutien de La Ligue r\u00e9gional et de son pr\u00e9sident, Franck Valenti, 3 nouveaux 8\u00e8me Dan ont \u00e9t\u00e9 attribu\u00e9s lors la commission des grades du 5 d\u00e9cembre 2019 : Eric Garnier de Trelaz\u00e9 (49), Ali Rechdoaui du KCN (44), Philippe Lhommeau du Samourai 2000 (72) Grades totalement m\u00e9rit\u00e9s pour ces grands karat\u00e9kas de notre [&hellip;]<\/p>\n","protected":false},"author":132,"featured_media":0,"comment_status":"closed","ping_status":"closed","sticky":false,"template":"","format":"standard","meta":{"footnotes":""},"categories":[1],"tags":[],"class_list":["post-5920","post","type-post","status-publish","format-standard","hentry","category-non-classe"],"_links":{"self":[{"href":"https:\/\/sites.ffkarate.fr\/paysdelaloire\/wp-json\/wp\/v2\/posts\/5920","targetHints":{"allow":["GET"]}}],"collection":[{"href":"https:\/\/sites.ffkarate.fr\/paysdelaloire\/wp-json\/wp\/v2\/posts"}],"about":[{"href":"https:\/\/sites.ffkarate.fr\/paysdelaloire\/wp-json\/wp\/v2\/types\/post"}],"author":[{"embeddable":true,"href":"https:\/\/sites.ffkarate.fr\/paysdelaloire\/wp-json\/wp\/v2\/users\/132"}],"replies":[{"embeddable":true,"href":"https:\/\/sites.ffkarate.fr\/paysdelaloire\/wp-json\/wp\/v2\/comments?post=5920"}],"version-history":[{"count":0,"href":"https:\/\/sites.ffkarate.fr\/paysdelaloire\/wp-json\/wp\/v2\/posts\/5920\/revisions"}],"wp:attachment":[{"href":"https:\/\/sites.ffkarate.fr\/paysdelaloire\/wp-json\/wp\/v2\/media?parent=5920"}],"wp:term":[{"taxonomy":"category","embeddable":true,"href":"https:\/\/sites.ffkarate.fr\/paysdelaloire\/wp-json\/wp\/v2\/categories?post=5920"},{"taxonomy":"post_tag","embeddable":true,"href":"https:\/\/sites.ffkarate.fr\/paysdelaloire\/wp-json\/wp\/v2\/tags?post=5920"}],"curies":[{"name":"wp","href":"https:\/\/api.w.org\/{rel}","templated":true}]}}