{"id":5933,"date":"2019-12-16T09:14:25","date_gmt":"2019-12-16T08:14:25","guid":{"rendered":"https:\/\/sites.ffkarate.fr\/paysdelaloire\/?post_type=news&amp;p=5933"},"modified":"2019-12-16T09:14:25","modified_gmt":"2019-12-16T08:14:25","slug":"salles-irene-medaillee-de-bronze-js","status":"publish","type":"post","link":"https:\/\/sites.ffkarate.fr\/paysdelaloire\/2019\/12\/16\/salles-irene-medaillee-de-bronze-js\/","title":{"rendered":"Salles Ir\u00e8ne, m\u00e9daill\u00e9e de Bronze J&amp;S"},"content":{"rendered":"<div class=\"wpb-content-wrapper\"><p>[vc_row][vc_column][vc_column_text]<a href=\"https:\/\/sites.ffkarate.fr\/paysdelaloire\/wp-content\/uploads\/sites\/120\/2019\/12\/20191215_105339.jpg\"><img decoding=\"async\" class=\"aligncenter wp-image-5934 size-large\" src=\"https:\/\/sites.ffkarate.fr\/paysdelaloire\/wp-content\/uploads\/sites\/120\/2019\/12\/20191215_105339-1024x768.jpg\" alt=\"20191215_105339\" width=\"640\" height=\"480\" \/><\/a><\/p>\n<p>&nbsp;<\/p>\n<p>Madame Salles Ir\u00e8ne, arbitre r\u00e9gional depuis plus de 20 ans, officie \u00e0 la ligue des Pays de Loire de karat\u00e9 et Disciplines Associ\u00e9es.<\/p>\n<p>Licenci\u00e9e dans le Maine-et-Loire (49), elle s&rsquo;est vu remettre des mains de Franck Valenti, la m\u00e9daille de bronze de la Jeunesse &amp; des Sports.<\/p>\n<p>Une r\u00e9compense hautement m\u00e9rit\u00e9e et remise lors du championnat V\u00e9t\u00e9ran qui a eu lieu le 15 d\u00e9cembre 2019 \u00e0 la Soucoupe\u00a0 de Saint-Nazaire.[\/vc_column_text][\/vc_column][\/vc_row]<\/p>\n<\/div>","protected":false},"excerpt":{"rendered":"<p>[vc_row][vc_column][vc_column_text] &nbsp; Madame Salles Ir\u00e8ne, arbitre r\u00e9gional depuis plus de 20 ans, officie \u00e0 la ligue des Pays de Loire de karat\u00e9 et Disciplines Associ\u00e9es. Licenci\u00e9e dans le Maine-et-Loire (49), elle s&rsquo;est vu remettre des mains de Franck Valenti, la m\u00e9daille de bronze de la Jeunesse &amp; des Sports. Une r\u00e9compense hautement m\u00e9rit\u00e9e et remise [&hellip;]<\/p>\n","protected":false},"author":132,"featured_media":5934,"comment_status":"closed","ping_status":"closed","sticky":false,"template":"","format":"standard","meta":{"footnotes":""},"categories":[1],"tags":[],"class_list":["post-5933","post","type-post","status-publish","format-standard","hentry","category-non-classe"],"_links":{"self":[{"href":"https:\/\/sites.ffkarate.fr\/paysdelaloire\/wp-json\/wp\/v2\/posts\/5933","targetHints":{"allow":["GET"]}}],"collection":[{"href":"https:\/\/sites.ffkarate.fr\/paysdelaloire\/wp-json\/wp\/v2\/posts"}],"about":[{"href":"https:\/\/sites.ffkarate.fr\/paysdelaloire\/wp-json\/wp\/v2\/types\/post"}],"author":[{"embeddable":true,"href":"https:\/\/sites.ffkarate.fr\/paysdelaloire\/wp-json\/wp\/v2\/users\/132"}],"replies":[{"embeddable":true,"href":"https:\/\/sites.ffkarate.fr\/paysdelaloire\/wp-json\/wp\/v2\/comments?post=5933"}],"version-history":[{"count":0,"href":"https:\/\/sites.ffkarate.fr\/paysdelaloire\/wp-json\/wp\/v2\/posts\/5933\/revisions"}],"wp:featuredmedia":[{"embeddable":true,"href":"https:\/\/sites.ffkarate.fr\/paysdelaloire\/wp-json\/wp\/v2\/media\/5934"}],"wp:attachment":[{"href":"https:\/\/sites.ffkarate.fr\/paysdelaloire\/wp-json\/wp\/v2\/media?parent=5933"}],"wp:term":[{"taxonomy":"category","embeddable":true,"href":"https:\/\/sites.ffkarate.fr\/paysdelaloire\/wp-json\/wp\/v2\/categories?post=5933"},{"taxonomy":"post_tag","embeddable":true,"href":"https:\/\/sites.ffkarate.fr\/paysdelaloire\/wp-json\/wp\/v2\/tags?post=5933"}],"curies":[{"name":"wp","href":"https:\/\/api.w.org\/{rel}","templated":true}]}}