{"id":5978,"date":"2020-01-04T21:12:01","date_gmt":"2020-01-04T20:12:01","guid":{"rendered":"https:\/\/sites.ffkarate.fr\/paysdelaloire\/?post_type=news&amp;p=5978"},"modified":"2020-01-04T21:12:01","modified_gmt":"2020-01-04T20:12:01","slug":"stage-darbitrage-de-franck-chereau-arbitre-mondial","status":"publish","type":"post","link":"https:\/\/sites.ffkarate.fr\/paysdelaloire\/2020\/01\/04\/stage-darbitrage-de-franck-chereau-arbitre-mondial\/","title":{"rendered":"Stage d&rsquo;arbitrage r\u00e9gional de Franck Ch\u00e9reau, arbitre mondial"},"content":{"rendered":"<div class=\"wpb-content-wrapper\"><p>[vc_row][vc_column][vc_column_text]39 arbitres de la r\u00e9gion, mais aussi de la r\u00e9gion Bretagne et Nouvelle Aquitaine, \u00e9taient pr\u00e9sents aujourd&rsquo;hui au stage d&rsquo;arbitrage de Franck Chereau, arbitre mondial d\u00e9tach\u00e9 par la F\u00e9d\u00e9ration Fran\u00e7aise de Karat\u00e9 en vue de promouvoir l&rsquo;arbitrage de la ligue des Pays de Loire.<\/p>\n<p>A Chemill\u00e9, La ligue r\u00e9gionale de karat\u00e9 et Disciplines Associ\u00e9es des Pays de Loire a assur\u00e9 la formation continue des arbitres. Un axe\u00a0 prioritaire pour le Directeur Technique R\u00e9gionale, Mr Philippe BABIN.<\/p>\n<p>\u00c0 l&rsquo;occasion de ce stage r\u00e9gional, la Ligue a offert le repas \u00e0 l&rsquo;ensemble des b\u00e9n\u00e9voles pr\u00e9sents ainsi qu&rsquo;aux arbitres. La galette des rois est venu cl\u00f4turer\u00a0 ce repas convivial pour r\u00e9compenser l&rsquo;ensemble des arbitres et b\u00e9n\u00e9voles qui \u0153uvrent toute l&rsquo;ann\u00e9e. (En photo, les heureux \u00e9lus)<\/p>\n<p>On se donne rendez vous sur la prochaine comp\u00e9tition de Ligue qui aura lieu \u00e0 Saint-Nazaire le 25 janvier et 26 janvier 2020 \u00e0 la soucoupe. Les affiches sont en ligne.<\/p>\n<p>Merci \u00e0 tous et merci\u00a0 au club de Chemill\u00e9 pour son accueil.<\/p>\n<p>&nbsp;<\/p>\n<p><a href=\"https:\/\/sites.ffkarate.fr\/paysdelaloire\/wp-content\/uploads\/sites\/120\/2020\/01\/20200104_131721.jpg\"><img decoding=\"async\" class=\"aligncenter size-full wp-image-5981\" src=\"https:\/\/sites.ffkarate.fr\/paysdelaloire\/wp-content\/uploads\/sites\/120\/2020\/01\/20200104_131721.jpg\" alt=\"20200104_131721\" width=\"1440\" height=\"1080\" \/><\/a> <a href=\"https:\/\/sites.ffkarate.fr\/paysdelaloire\/wp-content\/uploads\/sites\/120\/2020\/01\/20200104_131738.jpg\"><img decoding=\"async\" class=\"aligncenter size-full wp-image-5982\" src=\"https:\/\/sites.ffkarate.fr\/paysdelaloire\/wp-content\/uploads\/sites\/120\/2020\/01\/20200104_131738.jpg\" alt=\"20200104_131738\" width=\"1440\" height=\"1080\" \/><\/a> <a href=\"https:\/\/sites.ffkarate.fr\/paysdelaloire\/wp-content\/uploads\/sites\/120\/2020\/01\/20200104_131812.jpg\"><img decoding=\"async\" class=\"aligncenter size-full wp-image-5983\" src=\"https:\/\/sites.ffkarate.fr\/paysdelaloire\/wp-content\/uploads\/sites\/120\/2020\/01\/20200104_131812.jpg\" alt=\"20200104_131812\" width=\"1440\" height=\"1080\" \/><\/a> <a href=\"https:\/\/sites.ffkarate.fr\/paysdelaloire\/wp-content\/uploads\/sites\/120\/2020\/01\/20200104_135336.jpg\"><img decoding=\"async\" class=\"aligncenter size-full wp-image-5984\" src=\"https:\/\/sites.ffkarate.fr\/paysdelaloire\/wp-content\/uploads\/sites\/120\/2020\/01\/20200104_135336.jpg\" alt=\"20200104_135336\" width=\"1440\" height=\"1080\" \/><\/a> <a href=\"https:\/\/sites.ffkarate.fr\/paysdelaloire\/wp-content\/uploads\/sites\/120\/2020\/01\/20200104_115134.jpg\"><img decoding=\"async\" class=\"aligncenter size-full wp-image-5985\" src=\"https:\/\/sites.ffkarate.fr\/paysdelaloire\/wp-content\/uploads\/sites\/120\/2020\/01\/20200104_115134.jpg\" alt=\"20200104_115134\" width=\"1440\" height=\"1080\" \/><\/a> <a href=\"https:\/\/sites.ffkarate.fr\/paysdelaloire\/wp-content\/uploads\/sites\/120\/2020\/01\/20200104_123656.jpg\"><img decoding=\"async\" class=\"aligncenter size-full wp-image-5986\" src=\"https:\/\/sites.ffkarate.fr\/paysdelaloire\/wp-content\/uploads\/sites\/120\/2020\/01\/20200104_123656.jpg\" alt=\"20200104_123656\" width=\"1440\" height=\"1080\" \/><\/a> <a href=\"https:\/\/sites.ffkarate.fr\/paysdelaloire\/wp-content\/uploads\/sites\/120\/2020\/01\/20200104_131701.jpg\"><img decoding=\"async\" class=\"aligncenter size-full wp-image-5987\" src=\"https:\/\/sites.ffkarate.fr\/paysdelaloire\/wp-content\/uploads\/sites\/120\/2020\/01\/20200104_131701.jpg\" alt=\"20200104_131701\" width=\"1440\" height=\"1080\" \/><\/a> <a href=\"https:\/\/sites.ffkarate.fr\/paysdelaloire\/wp-content\/uploads\/sites\/120\/2020\/01\/20200104_131709.jpg\"><img decoding=\"async\" class=\"aligncenter size-full wp-image-5988\" src=\"https:\/\/sites.ffkarate.fr\/paysdelaloire\/wp-content\/uploads\/sites\/120\/2020\/01\/20200104_131709.jpg\" alt=\"20200104_131709\" width=\"1440\" height=\"1080\" \/><\/a> <a href=\"https:\/\/sites.ffkarate.fr\/paysdelaloire\/wp-content\/uploads\/sites\/120\/2020\/01\/20200104_131713.jpg\"><img decoding=\"async\" class=\"aligncenter size-full wp-image-5989\" src=\"https:\/\/sites.ffkarate.fr\/paysdelaloire\/wp-content\/uploads\/sites\/120\/2020\/01\/20200104_131713.jpg\" alt=\"20200104_131713\" width=\"1440\" height=\"1080\" \/><\/a>[\/vc_column_text][\/vc_column][\/vc_row]<\/p>\n<\/div>","protected":false},"excerpt":{"rendered":"<p>[vc_row][vc_column][vc_column_text]39 arbitres de la r\u00e9gion, mais aussi de la r\u00e9gion Bretagne et Nouvelle Aquitaine, \u00e9taient pr\u00e9sents aujourd&rsquo;hui au stage d&rsquo;arbitrage de Franck Chereau, arbitre mondial d\u00e9tach\u00e9 par la F\u00e9d\u00e9ration Fran\u00e7aise de Karat\u00e9 en vue de promouvoir l&rsquo;arbitrage de la ligue des Pays de Loire. A Chemill\u00e9, La ligue r\u00e9gionale de karat\u00e9 et Disciplines Associ\u00e9es des [&hellip;]<\/p>\n","protected":false},"author":132,"featured_media":5984,"comment_status":"closed","ping_status":"closed","sticky":false,"template":"","format":"standard","meta":{"footnotes":""},"categories":[1],"tags":[],"class_list":["post-5978","post","type-post","status-publish","format-standard","hentry","category-non-classe"],"_links":{"self":[{"href":"https:\/\/sites.ffkarate.fr\/paysdelaloire\/wp-json\/wp\/v2\/posts\/5978","targetHints":{"allow":["GET"]}}],"collection":[{"href":"https:\/\/sites.ffkarate.fr\/paysdelaloire\/wp-json\/wp\/v2\/posts"}],"about":[{"href":"https:\/\/sites.ffkarate.fr\/paysdelaloire\/wp-json\/wp\/v2\/types\/post"}],"author":[{"embeddable":true,"href":"https:\/\/sites.ffkarate.fr\/paysdelaloire\/wp-json\/wp\/v2\/users\/132"}],"replies":[{"embeddable":true,"href":"https:\/\/sites.ffkarate.fr\/paysdelaloire\/wp-json\/wp\/v2\/comments?post=5978"}],"version-history":[{"count":0,"href":"https:\/\/sites.ffkarate.fr\/paysdelaloire\/wp-json\/wp\/v2\/posts\/5978\/revisions"}],"wp:featuredmedia":[{"embeddable":true,"href":"https:\/\/sites.ffkarate.fr\/paysdelaloire\/wp-json\/wp\/v2\/media\/5984"}],"wp:attachment":[{"href":"https:\/\/sites.ffkarate.fr\/paysdelaloire\/wp-json\/wp\/v2\/media?parent=5978"}],"wp:term":[{"taxonomy":"category","embeddable":true,"href":"https:\/\/sites.ffkarate.fr\/paysdelaloire\/wp-json\/wp\/v2\/categories?post=5978"},{"taxonomy":"post_tag","embeddable":true,"href":"https:\/\/sites.ffkarate.fr\/paysdelaloire\/wp-json\/wp\/v2\/tags?post=5978"}],"curies":[{"name":"wp","href":"https:\/\/api.w.org\/{rel}","templated":true}]}}