{"id":5997,"date":"2020-01-13T08:59:18","date_gmt":"2020-01-13T07:59:18","guid":{"rendered":"https:\/\/sites.ffkarate.fr\/paysdelaloire\/?post_type=news&amp;p=5997"},"modified":"2020-01-13T08:59:18","modified_gmt":"2020-01-13T07:59:18","slug":"mehdi-arbitre-national-kumite-a","status":"publish","type":"post","link":"https:\/\/sites.ffkarate.fr\/paysdelaloire\/2020\/01\/13\/mehdi-arbitre-national-kumite-a\/","title":{"rendered":"Mehdi &#8211; arbitre national Kumit\u00e9 \u00ab\u00a0A\u00a0\u00bb."},"content":{"rendered":"<div class=\"wpb-content-wrapper\"><p>[vc_row][vc_column][vc_column_text]<span id=\"fbPhotoSnowliftCaption\" class=\"fbPhotosPhotoCaption\"><span class=\"hasCaption\">F\u00e9licitations \u00e0 <strong>Mehdi\u00a0EL HARRAS, <\/strong>pour l&rsquo;obtention de son titre d&rsquo;arbitre national Kumit\u00e9 \u00ab\u00a0A\u00a0\u00bb.<\/span><\/span><\/p>\n<p>Un titre amplement m\u00e9rit\u00e9 pour cet arbitre exemplaire de notre Ligue.<\/p>\n<p>On a h\u00e2te de voir Mehdi \u00e0 l&rsquo;\u0153uvre sur la prochaine comp\u00e9tition<\/p>\n<p><a href=\"https:\/\/sites.ffkarate.fr\/paysdelaloire\/wp-content\/uploads\/sites\/120\/2020\/01\/83156039_2475508732669775_1084514306353004544_n.jpg\"><img decoding=\"async\" class=\"aligncenter size-full wp-image-5998\" src=\"https:\/\/sites.ffkarate.fr\/paysdelaloire\/wp-content\/uploads\/sites\/120\/2020\/01\/83156039_2475508732669775_1084514306353004544_n.jpg\" alt=\"83156039_2475508732669775_1084514306353004544_n\" width=\"589\" height=\"470\" \/><\/a>[\/vc_column_text][\/vc_column][\/vc_row]<\/p>\n<\/div>","protected":false},"excerpt":{"rendered":"<p>[vc_row][vc_column][vc_column_text]F\u00e9licitations \u00e0 Mehdi\u00a0EL HARRAS, pour l&rsquo;obtention de son titre d&rsquo;arbitre national Kumit\u00e9 \u00ab\u00a0A\u00a0\u00bb. Un titre amplement m\u00e9rit\u00e9 pour cet arbitre exemplaire de notre Ligue. On a h\u00e2te de voir Mehdi \u00e0 l&rsquo;\u0153uvre sur la prochaine comp\u00e9tition [\/vc_column_text][\/vc_column][\/vc_row]<\/p>\n","protected":false},"author":132,"featured_media":5998,"comment_status":"closed","ping_status":"closed","sticky":false,"template":"","format":"standard","meta":{"footnotes":""},"categories":[1],"tags":[],"class_list":["post-5997","post","type-post","status-publish","format-standard","hentry","category-non-classe"],"_links":{"self":[{"href":"https:\/\/sites.ffkarate.fr\/paysdelaloire\/wp-json\/wp\/v2\/posts\/5997","targetHints":{"allow":["GET"]}}],"collection":[{"href":"https:\/\/sites.ffkarate.fr\/paysdelaloire\/wp-json\/wp\/v2\/posts"}],"about":[{"href":"https:\/\/sites.ffkarate.fr\/paysdelaloire\/wp-json\/wp\/v2\/types\/post"}],"author":[{"embeddable":true,"href":"https:\/\/sites.ffkarate.fr\/paysdelaloire\/wp-json\/wp\/v2\/users\/132"}],"replies":[{"embeddable":true,"href":"https:\/\/sites.ffkarate.fr\/paysdelaloire\/wp-json\/wp\/v2\/comments?post=5997"}],"version-history":[{"count":0,"href":"https:\/\/sites.ffkarate.fr\/paysdelaloire\/wp-json\/wp\/v2\/posts\/5997\/revisions"}],"wp:featuredmedia":[{"embeddable":true,"href":"https:\/\/sites.ffkarate.fr\/paysdelaloire\/wp-json\/wp\/v2\/media\/5998"}],"wp:attachment":[{"href":"https:\/\/sites.ffkarate.fr\/paysdelaloire\/wp-json\/wp\/v2\/media?parent=5997"}],"wp:term":[{"taxonomy":"category","embeddable":true,"href":"https:\/\/sites.ffkarate.fr\/paysdelaloire\/wp-json\/wp\/v2\/categories?post=5997"},{"taxonomy":"post_tag","embeddable":true,"href":"https:\/\/sites.ffkarate.fr\/paysdelaloire\/wp-json\/wp\/v2\/tags?post=5997"}],"curies":[{"name":"wp","href":"https:\/\/api.w.org\/{rel}","templated":true}]}}