{"id":6027,"date":"2020-01-26T22:30:01","date_gmt":"2020-01-26T21:30:01","guid":{"rendered":"https:\/\/sites.ffkarate.fr\/paysdelaloire\/?post_type=news&amp;p=6027"},"modified":"2020-01-26T22:30:01","modified_gmt":"2020-01-26T21:30:01","slug":"retour-sur-notre-week-end-a-saint-nazaire","status":"publish","type":"post","link":"https:\/\/sites.ffkarate.fr\/paysdelaloire\/2020\/01\/26\/retour-sur-notre-week-end-a-saint-nazaire\/","title":{"rendered":"Retour sur notre week-end \u00e0 Saint-Nazaire"},"content":{"rendered":"<div class=\"wpb-content-wrapper\"><p>[vc_row][vc_column][vc_column_text]&nbsp;<\/p>\n<p>La ligue des Pays de La Loire et ses b\u00e9n\u00e9voles sont heureux d&rsquo;avoir pu vous offrir un championnat de qualit\u00e9 \u00e0 Saint-Nazaire.<\/p>\n<p>Gr\u00e2ce \u00e0 l&rsquo;accueil de la ville que nous remercions pour la mise \u00e0 disposition de La Soucoupe, nous avons pu accueillir pr\u00e8s de 600 comp\u00e9titeurs du territoire lig\u00e9rien et de nombreux spectateurs.<\/p>\n<p>Indispensable au d\u00e9veloppement de notre discipline, l&rsquo;ensemble des acteurs, qui ont particip\u00e9 \u00e0 cette coupe Elite PB et \u00e0 ce championnat Kata toutes cat\u00e9gories, ont travaill\u00e9 dans le m\u00eame sens pour la r\u00e9ussite de ces 2 \u00e9v\u00e8nements majeurs de notre r\u00e9gion.<\/p>\n<p>Nous tenons \u00e0 remercier vivement l&rsquo;ensemble de nos b\u00e9n\u00e9voles et de nos arbitres. Merci aux coachs et aux comp\u00e9titeurs pour leur sportivit\u00e9.<\/p>\n<p>On se donne rendez-vous le 9 f\u00e9vrier \u00e0 La Fl\u00eache pour les championnats Minimes, Cadets, Juniors, S\u00e9niors (individuels &amp; par \u00e9quipes).<\/p>\n<p>Une mise \u00e0 l&rsquo;honneur de M. Medhi\u00a0<span id=\"fbPhotoSnowliftCaption\" class=\"fbPhotosPhotoCaption\"><span class=\"hasCaption\"><strong>EL HARRAS<\/strong><\/span><\/span> a eu lieu ce samedi pour l&rsquo;obtention de son titre d&rsquo;arbitre A. Bravo et merci Medhi.<\/p>\n<p><a href=\"https:\/\/sites.ffkarate.fr\/paysdelaloire\/wp-content\/uploads\/sites\/120\/2020\/01\/20200126_122609-e1580157479534.jpg\"><img decoding=\"async\" class=\"aligncenter  wp-image-6042\" src=\"https:\/\/sites.ffkarate.fr\/paysdelaloire\/wp-content\/uploads\/sites\/120\/2020\/01\/20200126_122609-e1580157479534.jpg\" alt=\"20200126_122609\" width=\"670\" height=\"502\" \/><\/a><\/p>\n<p>De plus, ce week-end se d\u00e9roulait \u00e0 St Barthelemy d&rsquo;anjou (49), <strong>la coupe de France Qwan Van Ke de l&rsquo;\u00e9cole Lam Son<\/strong>. (Technique \/ combat \/ Technique Arme \/ Quyen synchro &amp; Application). L&rsquo;organisation a \u00e9t\u00e9 confi\u00e9 \u00e0 Philippe Germond du club Lam Son Saint Barth. 300 comp\u00e9titeurs de toute la France se sont regroup\u00e9s ce week-end. Bravo \u00e0 vous tous.<\/p>\n<p><strong><em>\u00a0Ci dessous, M Franck Valenti, Pr\u00e9sident de la Ligue des Pays de la Loire et M. <span class=\"st\">Michel Lebrun<\/span>, Tr\u00e9sorier de la Ligue, en compagnie de M Jean-Marc ALAIN, adjoint au sport de la ville de Saint-Nazaire.<\/em><\/strong><\/p>\n<p><a href=\"https:\/\/sites.ffkarate.fr\/paysdelaloire\/wp-content\/uploads\/sites\/120\/2020\/01\/20200125_124838-e1580074270649.jpg\"><img decoding=\"async\" class=\"aligncenter size-full wp-image-6028\" src=\"https:\/\/sites.ffkarate.fr\/paysdelaloire\/wp-content\/uploads\/sites\/120\/2020\/01\/20200125_124838-e1580074270649.jpg\" alt=\"20200125_124838\" width=\"1080\" height=\"1440\" \/><\/a>[\/vc_column_text][\/vc_column][\/vc_row]<\/p>\n<\/div>","protected":false},"excerpt":{"rendered":"<p>[vc_row][vc_column][vc_column_text]&nbsp; La ligue des Pays de La Loire et ses b\u00e9n\u00e9voles sont heureux d&rsquo;avoir pu vous offrir un championnat de qualit\u00e9 \u00e0 Saint-Nazaire. Gr\u00e2ce \u00e0 l&rsquo;accueil de la ville que nous remercions pour la mise \u00e0 disposition de La Soucoupe, nous avons pu accueillir pr\u00e8s de 600 comp\u00e9titeurs du territoire lig\u00e9rien et de nombreux spectateurs. [&hellip;]<\/p>\n","protected":false},"author":132,"featured_media":6028,"comment_status":"closed","ping_status":"closed","sticky":false,"template":"","format":"standard","meta":{"footnotes":""},"categories":[1],"tags":[],"class_list":["post-6027","post","type-post","status-publish","format-standard","hentry","category-non-classe"],"_links":{"self":[{"href":"https:\/\/sites.ffkarate.fr\/paysdelaloire\/wp-json\/wp\/v2\/posts\/6027","targetHints":{"allow":["GET"]}}],"collection":[{"href":"https:\/\/sites.ffkarate.fr\/paysdelaloire\/wp-json\/wp\/v2\/posts"}],"about":[{"href":"https:\/\/sites.ffkarate.fr\/paysdelaloire\/wp-json\/wp\/v2\/types\/post"}],"author":[{"embeddable":true,"href":"https:\/\/sites.ffkarate.fr\/paysdelaloire\/wp-json\/wp\/v2\/users\/132"}],"replies":[{"embeddable":true,"href":"https:\/\/sites.ffkarate.fr\/paysdelaloire\/wp-json\/wp\/v2\/comments?post=6027"}],"version-history":[{"count":0,"href":"https:\/\/sites.ffkarate.fr\/paysdelaloire\/wp-json\/wp\/v2\/posts\/6027\/revisions"}],"wp:featuredmedia":[{"embeddable":true,"href":"https:\/\/sites.ffkarate.fr\/paysdelaloire\/wp-json\/wp\/v2\/media\/6028"}],"wp:attachment":[{"href":"https:\/\/sites.ffkarate.fr\/paysdelaloire\/wp-json\/wp\/v2\/media?parent=6027"}],"wp:term":[{"taxonomy":"category","embeddable":true,"href":"https:\/\/sites.ffkarate.fr\/paysdelaloire\/wp-json\/wp\/v2\/categories?post=6027"},{"taxonomy":"post_tag","embeddable":true,"href":"https:\/\/sites.ffkarate.fr\/paysdelaloire\/wp-json\/wp\/v2\/tags?post=6027"}],"curies":[{"name":"wp","href":"https:\/\/api.w.org\/{rel}","templated":true}]}}