{"id":6043,"date":"2020-01-28T09:11:43","date_gmt":"2020-01-28T08:11:43","guid":{"rendered":"https:\/\/sites.ffkarate.fr\/paysdelaloire\/?post_type=news&amp;p=6043"},"modified":"2020-01-28T09:11:43","modified_gmt":"2020-01-28T08:11:43","slug":"de-bons-points-pris-pour-dnylson-leila-du-samourai-2000","status":"publish","type":"post","link":"https:\/\/sites.ffkarate.fr\/paysdelaloire\/2020\/01\/28\/de-bons-points-pris-pour-dnylson-leila-du-samourai-2000\/","title":{"rendered":"De bons points pris pour Dnylson &amp; Leila du Samourai 2000"},"content":{"rendered":"<div class=\"wpb-content-wrapper\"><p>[vc_row][vc_column][vc_column_text]Dans la course aux Jeux Olympiques, Dnylson Jacquet &amp; Le\u00efla Heurtaux\u00a0 ont r\u00e9alis\u00e9 deux belles performances \u00e0 l&rsquo;Open de Paris.<\/p>\n<ul>\n<li>Dnylson Jacquet : M\u00e9daille d&rsquo;argent<\/li>\n<li>Le\u00efla Heurtaux : M\u00e9daille de Bronze<\/li>\n<\/ul>\n<p>Nos lig\u00e9riens sont toujours dans la course pour Tokyo 2020. La ligue les f\u00e9licite pour ces beaux r\u00e9sultats.<\/p>\n<p>Encore une fois, le samourai 2020 et Didier Moreau ont r\u00e9alis\u00e9 un magnifique r\u00e9sultat. Bravo !<\/p>\n<p><a href=\"https:\/\/sites.ffkarate.fr\/paysdelaloire\/wp-content\/uploads\/sites\/120\/2020\/01\/83221626_2967471743305365_1731609888942981120_o.jpg\">\u00a0<\/a><a href=\"https:\/\/sites.ffkarate.fr\/paysdelaloire\/wp-content\/uploads\/sites\/120\/2020\/01\/83221626_2967471743305365_1731609888942981120_o.jpg\"><img decoding=\"async\" class=\"aligncenter wp-image-6044 size-full\" src=\"https:\/\/sites.ffkarate.fr\/paysdelaloire\/wp-content\/uploads\/sites\/120\/2020\/01\/83221626_2967471743305365_1731609888942981120_o.jpg\" alt=\"83221626_2967471743305365_1731609888942981120_o\" width=\"960\" height=\"960\" srcset=\"https:\/\/sites.ffkarate.fr\/paysdelaloire\/wp-content\/uploads\/sites\/120\/2020\/01\/83221626_2967471743305365_1731609888942981120_o.jpg 960w, https:\/\/sites.ffkarate.fr\/paysdelaloire\/wp-content\/uploads\/sites\/120\/2020\/01\/83221626_2967471743305365_1731609888942981120_o-176x176.jpg 176w\" sizes=\"(max-width: 960px) 100vw, 960px\" \/><\/a> <a href=\"https:\/\/sites.ffkarate.fr\/paysdelaloire\/wp-content\/uploads\/sites\/120\/2020\/01\/82913945_2966798550039351_1745417031978582016_o.jpg\"><img decoding=\"async\" class=\"aligncenter wp-image-6045 size-full\" src=\"https:\/\/sites.ffkarate.fr\/paysdelaloire\/wp-content\/uploads\/sites\/120\/2020\/01\/82913945_2966798550039351_1745417031978582016_o.jpg\" alt=\"82913945_2966798550039351_1745417031978582016_o\" width=\"960\" height=\"960\" srcset=\"https:\/\/sites.ffkarate.fr\/paysdelaloire\/wp-content\/uploads\/sites\/120\/2020\/01\/82913945_2966798550039351_1745417031978582016_o.jpg 960w, https:\/\/sites.ffkarate.fr\/paysdelaloire\/wp-content\/uploads\/sites\/120\/2020\/01\/82913945_2966798550039351_1745417031978582016_o-176x176.jpg 176w\" sizes=\"(max-width: 960px) 100vw, 960px\" \/><\/a>[\/vc_column_text][\/vc_column][\/vc_row]<\/p>\n<\/div>","protected":false},"excerpt":{"rendered":"<p>[vc_row][vc_column][vc_column_text]Dans la course aux Jeux Olympiques, Dnylson Jacquet &amp; Le\u00efla Heurtaux\u00a0 ont r\u00e9alis\u00e9 deux belles performances \u00e0 l&rsquo;Open de Paris. Dnylson Jacquet : M\u00e9daille d&rsquo;argent Le\u00efla Heurtaux : M\u00e9daille de Bronze Nos lig\u00e9riens sont toujours dans la course pour Tokyo 2020. La ligue les f\u00e9licite pour ces beaux r\u00e9sultats. Encore une fois, le samourai 2020 [&hellip;]<\/p>\n","protected":false},"author":132,"featured_media":6044,"comment_status":"closed","ping_status":"closed","sticky":false,"template":"","format":"standard","meta":{"footnotes":""},"categories":[1],"tags":[],"class_list":["post-6043","post","type-post","status-publish","format-standard","hentry","category-non-classe"],"_links":{"self":[{"href":"https:\/\/sites.ffkarate.fr\/paysdelaloire\/wp-json\/wp\/v2\/posts\/6043","targetHints":{"allow":["GET"]}}],"collection":[{"href":"https:\/\/sites.ffkarate.fr\/paysdelaloire\/wp-json\/wp\/v2\/posts"}],"about":[{"href":"https:\/\/sites.ffkarate.fr\/paysdelaloire\/wp-json\/wp\/v2\/types\/post"}],"author":[{"embeddable":true,"href":"https:\/\/sites.ffkarate.fr\/paysdelaloire\/wp-json\/wp\/v2\/users\/132"}],"replies":[{"embeddable":true,"href":"https:\/\/sites.ffkarate.fr\/paysdelaloire\/wp-json\/wp\/v2\/comments?post=6043"}],"version-history":[{"count":0,"href":"https:\/\/sites.ffkarate.fr\/paysdelaloire\/wp-json\/wp\/v2\/posts\/6043\/revisions"}],"wp:featuredmedia":[{"embeddable":true,"href":"https:\/\/sites.ffkarate.fr\/paysdelaloire\/wp-json\/wp\/v2\/media\/6044"}],"wp:attachment":[{"href":"https:\/\/sites.ffkarate.fr\/paysdelaloire\/wp-json\/wp\/v2\/media?parent=6043"}],"wp:term":[{"taxonomy":"category","embeddable":true,"href":"https:\/\/sites.ffkarate.fr\/paysdelaloire\/wp-json\/wp\/v2\/categories?post=6043"},{"taxonomy":"post_tag","embeddable":true,"href":"https:\/\/sites.ffkarate.fr\/paysdelaloire\/wp-json\/wp\/v2\/tags?post=6043"}],"curies":[{"name":"wp","href":"https:\/\/api.w.org\/{rel}","templated":true}]}}