{"id":6050,"date":"2020-01-28T14:29:55","date_gmt":"2020-01-28T13:29:55","guid":{"rendered":"https:\/\/sites.ffkarate.fr\/paysdelaloire\/?post_type=news&amp;p=6050"},"modified":"2020-01-28T14:29:55","modified_gmt":"2020-01-28T13:29:55","slug":"stage-avec-christian-mille-et-richard-lesaux","status":"publish","type":"post","link":"https:\/\/sites.ffkarate.fr\/paysdelaloire\/2020\/01\/28\/stage-avec-christian-mille-et-richard-lesaux\/","title":{"rendered":"STAGE avec Christian MILLE et Richard LESAUX"},"content":{"rendered":"<div class=\"wpb-content-wrapper\"><p>[vc_row][vc_column][vc_column_text]Christian MILLE et Richard LESAUX remercient vivement l&rsquo;ensemble des participants \u00e0 ce stage de Tai Jutsu qui a eu lieu \u00e0 Saint Sylvain d&rsquo;Anjou (49).<\/p>\n<p>Ce samedi 25 janvier, une trentaine de pratiquants de la r\u00e9gion ont r\u00e9pondu pr\u00e9sents.<\/p>\n<p><a href=\"https:\/\/sites.ffkarate.fr\/paysdelaloire\/wp-content\/uploads\/sites\/120\/2020\/01\/image0.jpeg\"><img decoding=\"async\" class=\"aligncenter size-full wp-image-6051\" src=\"https:\/\/sites.ffkarate.fr\/paysdelaloire\/wp-content\/uploads\/sites\/120\/2020\/01\/image0.jpeg\" alt=\"image0\" width=\"987\" height=\"740\" \/><\/a>[\/vc_column_text][\/vc_column][\/vc_row]<\/p>\n<\/div>","protected":false},"excerpt":{"rendered":"<p>[vc_row][vc_column][vc_column_text]Christian MILLE et Richard LESAUX remercient vivement l&rsquo;ensemble des participants \u00e0 ce stage de Tai Jutsu qui a eu lieu \u00e0 Saint Sylvain d&rsquo;Anjou (49). Ce samedi 25 janvier, une trentaine de pratiquants de la r\u00e9gion ont r\u00e9pondu pr\u00e9sents. [\/vc_column_text][\/vc_column][\/vc_row]<\/p>\n","protected":false},"author":132,"featured_media":6051,"comment_status":"closed","ping_status":"closed","sticky":false,"template":"","format":"standard","meta":{"footnotes":""},"categories":[1],"tags":[],"class_list":["post-6050","post","type-post","status-publish","format-standard","hentry","category-non-classe"],"_links":{"self":[{"href":"https:\/\/sites.ffkarate.fr\/paysdelaloire\/wp-json\/wp\/v2\/posts\/6050","targetHints":{"allow":["GET"]}}],"collection":[{"href":"https:\/\/sites.ffkarate.fr\/paysdelaloire\/wp-json\/wp\/v2\/posts"}],"about":[{"href":"https:\/\/sites.ffkarate.fr\/paysdelaloire\/wp-json\/wp\/v2\/types\/post"}],"author":[{"embeddable":true,"href":"https:\/\/sites.ffkarate.fr\/paysdelaloire\/wp-json\/wp\/v2\/users\/132"}],"replies":[{"embeddable":true,"href":"https:\/\/sites.ffkarate.fr\/paysdelaloire\/wp-json\/wp\/v2\/comments?post=6050"}],"version-history":[{"count":0,"href":"https:\/\/sites.ffkarate.fr\/paysdelaloire\/wp-json\/wp\/v2\/posts\/6050\/revisions"}],"wp:featuredmedia":[{"embeddable":true,"href":"https:\/\/sites.ffkarate.fr\/paysdelaloire\/wp-json\/wp\/v2\/media\/6051"}],"wp:attachment":[{"href":"https:\/\/sites.ffkarate.fr\/paysdelaloire\/wp-json\/wp\/v2\/media?parent=6050"}],"wp:term":[{"taxonomy":"category","embeddable":true,"href":"https:\/\/sites.ffkarate.fr\/paysdelaloire\/wp-json\/wp\/v2\/categories?post=6050"},{"taxonomy":"post_tag","embeddable":true,"href":"https:\/\/sites.ffkarate.fr\/paysdelaloire\/wp-json\/wp\/v2\/tags?post=6050"}],"curies":[{"name":"wp","href":"https:\/\/api.w.org\/{rel}","templated":true}]}}