{"id":6092,"date":"2020-02-12T08:45:28","date_gmt":"2020-02-12T07:45:28","guid":{"rendered":"https:\/\/sites.ffkarate.fr\/paysdelaloire\/?post_type=news&amp;p=6092"},"modified":"2020-02-12T08:45:28","modified_gmt":"2020-02-12T07:45:28","slug":"elus-presents-aux-championnats-regionaux-combats-individuels-et-par-equipes","status":"publish","type":"post","link":"https:\/\/sites.ffkarate.fr\/paysdelaloire\/2020\/02\/12\/elus-presents-aux-championnats-regionaux-combats-individuels-et-par-equipes\/","title":{"rendered":"\u00c9lus pr\u00e9sents aux championnats r\u00e9gionaux Combats individuels et par \u00e9quipes"},"content":{"rendered":"<div class=\"wpb-content-wrapper\"><p>[vc_row][vc_column][vc_column_text]<a href=\"https:\/\/sites.ffkarate.fr\/paysdelaloire\/wp-content\/uploads\/sites\/120\/2020\/02\/20200209_112506.jpg\"><img decoding=\"async\" class=\"aligncenter size-full wp-image-6093\" src=\"https:\/\/sites.ffkarate.fr\/paysdelaloire\/wp-content\/uploads\/sites\/120\/2020\/02\/20200209_112506.jpg\" alt=\"20200209_112506\" width=\"1920\" height=\"1080\" \/><\/a><\/p>\n<p>Ce dimanche, lors des championnats r\u00e9gionaux Combats individuels et par \u00e9quipes, <strong>nous avons eu l&rsquo;honneur de recevoir Mme La S\u00e9natrice Nadine Grelet-Certenais, s\u00e9natrice de la Sarthe<\/strong> avec qui nous avons pu \u00e9changer sur le karat\u00e9 et surtout le karat\u00e9 aux Jeux Olympiques de 2024 \u00e0 Paris.<\/p>\n<p>Nous avons \u00e9galement eu l&rsquo;honneur d&rsquo;accueillir le maire de la Ville de La Fl\u00eache, M. Guy-Michel Chauveau, ainsi que son adjoint aux Sports, M. Chauvin Nicolas.<\/p>\n<p>M. Marc Provost, pr\u00e9sident du Comit\u00e9 Directeur de la Sarthe, le pr\u00e9sident du Club de Karat\u00e9 Shotokan Fl\u00e8chois, M Alain Vaillant, et son tr\u00e9sorier, M. Tony Philippe, accompagn\u00e9s de M. Franck Valenti, Pr\u00e9sident de la Ligue et de M. Philippe Cozien, Responsable de l&rsquo;arbitrage de Ligue, ont \u00e9t\u00e9 heureux de pouvoir pr\u00e9senter et d\u00e9fendre notre sport aupr\u00e8s des \u00e9lus du d\u00e9partement Sarthois.<\/p>\n<p>L&rsquo;\u00e9quipe de notre Ligue, la qualit\u00e9 des combattant(e)s, les coachs et toute l&rsquo;organisation du KSF72 ont su captiver leur attention. Merci \u00e0 tous[\/vc_column_text][\/vc_column][\/vc_row]<\/p>\n<\/div>","protected":false},"excerpt":{"rendered":"<p>[vc_row][vc_column][vc_column_text] Ce dimanche, lors des championnats r\u00e9gionaux Combats individuels et par \u00e9quipes, nous avons eu l&rsquo;honneur de recevoir Mme La S\u00e9natrice Nadine Grelet-Certenais, s\u00e9natrice de la Sarthe avec qui nous avons pu \u00e9changer sur le karat\u00e9 et surtout le karat\u00e9 aux Jeux Olympiques de 2024 \u00e0 Paris. Nous avons \u00e9galement eu l&rsquo;honneur d&rsquo;accueillir le maire [&hellip;]<\/p>\n","protected":false},"author":132,"featured_media":6093,"comment_status":"closed","ping_status":"closed","sticky":false,"template":"","format":"standard","meta":{"footnotes":""},"categories":[1],"tags":[],"class_list":["post-6092","post","type-post","status-publish","format-standard","hentry","category-non-classe"],"_links":{"self":[{"href":"https:\/\/sites.ffkarate.fr\/paysdelaloire\/wp-json\/wp\/v2\/posts\/6092","targetHints":{"allow":["GET"]}}],"collection":[{"href":"https:\/\/sites.ffkarate.fr\/paysdelaloire\/wp-json\/wp\/v2\/posts"}],"about":[{"href":"https:\/\/sites.ffkarate.fr\/paysdelaloire\/wp-json\/wp\/v2\/types\/post"}],"author":[{"embeddable":true,"href":"https:\/\/sites.ffkarate.fr\/paysdelaloire\/wp-json\/wp\/v2\/users\/132"}],"replies":[{"embeddable":true,"href":"https:\/\/sites.ffkarate.fr\/paysdelaloire\/wp-json\/wp\/v2\/comments?post=6092"}],"version-history":[{"count":0,"href":"https:\/\/sites.ffkarate.fr\/paysdelaloire\/wp-json\/wp\/v2\/posts\/6092\/revisions"}],"wp:featuredmedia":[{"embeddable":true,"href":"https:\/\/sites.ffkarate.fr\/paysdelaloire\/wp-json\/wp\/v2\/media\/6093"}],"wp:attachment":[{"href":"https:\/\/sites.ffkarate.fr\/paysdelaloire\/wp-json\/wp\/v2\/media?parent=6092"}],"wp:term":[{"taxonomy":"category","embeddable":true,"href":"https:\/\/sites.ffkarate.fr\/paysdelaloire\/wp-json\/wp\/v2\/categories?post=6092"},{"taxonomy":"post_tag","embeddable":true,"href":"https:\/\/sites.ffkarate.fr\/paysdelaloire\/wp-json\/wp\/v2\/tags?post=6092"}],"curies":[{"name":"wp","href":"https:\/\/api.w.org\/{rel}","templated":true}]}}