{"id":6098,"date":"2020-02-13T15:52:57","date_gmt":"2020-02-13T14:52:57","guid":{"rendered":"https:\/\/sites.ffkarate.fr\/paysdelaloire\/?post_type=news&amp;p=6098"},"modified":"2020-02-13T15:52:57","modified_gmt":"2020-02-13T14:52:57","slug":"championnat-de-france-des-ligues","status":"publish","type":"post","link":"https:\/\/sites.ffkarate.fr\/paysdelaloire\/2020\/02\/13\/championnat-de-france-des-ligues\/","title":{"rendered":"Championnat de France des Ligues"},"content":{"rendered":"<div class=\"wpb-content-wrapper\"><p>[vc_row][vc_column][vc_column_text]Ce week-end a lieu le championnat de France des Ligues \u00e0 la Halle CARPENTIER (Paris 13\u00e8)<\/p>\n<p>Simon Gaubard vient d&rsquo;envoyer un mail aux parents et aux clubs pour l&rsquo;organisation. Il tient \u00e0 remercier tous les b\u00e9n\u00e9voles et parents pour leur r\u00e9activit\u00e9 et volontarisme.<\/p>\n<p>Chaque jeune doit avoir un pique nique pour le vendredi soir. Le reste est \u00e0 la charge de la ligue r\u00e9gional des pays de loire.<\/p>\n<p>Les sportifs doivent se munir de leurs protections et kimono ainsi que de leur passport en r\u00e8gle ainsi que sa carte nationale d&rsquo;identit\u00e9 Fran\u00e7aise.<\/p>\n<p>Simon s&rsquo;occupe des protections pour les minimes, casques et plastrons.<\/p>\n<p>Chaque jeune se verra remettre un surv\u00eatement pour la comp\u00e9tition \u00e0 redonner en fin de comp\u00e9tition.<\/p>\n<p>Voici la liste des repr\u00e9sentants de notre Ligue : <a href=\"https:\/\/sites.ffkarate.fr\/paysdelaloire\/wp-content\/uploads\/sites\/120\/2020\/02\/equipe-region-2020.pdf\">Les \u00e9quipe region 2020<\/a>[\/vc_column_text][\/vc_column][\/vc_row]<\/p>\n<\/div>","protected":false},"excerpt":{"rendered":"<p>[vc_row][vc_column][vc_column_text]Ce week-end a lieu le championnat de France des Ligues \u00e0 la Halle CARPENTIER (Paris 13\u00e8) Simon Gaubard vient d&rsquo;envoyer un mail aux parents et aux clubs pour l&rsquo;organisation. Il tient \u00e0 remercier tous les b\u00e9n\u00e9voles et parents pour leur r\u00e9activit\u00e9 et volontarisme. Chaque jeune doit avoir un pique nique pour le vendredi soir. Le [&hellip;]<\/p>\n","protected":false},"author":132,"featured_media":0,"comment_status":"closed","ping_status":"closed","sticky":false,"template":"","format":"standard","meta":{"footnotes":""},"categories":[1],"tags":[],"class_list":["post-6098","post","type-post","status-publish","format-standard","hentry","category-non-classe"],"_links":{"self":[{"href":"https:\/\/sites.ffkarate.fr\/paysdelaloire\/wp-json\/wp\/v2\/posts\/6098","targetHints":{"allow":["GET"]}}],"collection":[{"href":"https:\/\/sites.ffkarate.fr\/paysdelaloire\/wp-json\/wp\/v2\/posts"}],"about":[{"href":"https:\/\/sites.ffkarate.fr\/paysdelaloire\/wp-json\/wp\/v2\/types\/post"}],"author":[{"embeddable":true,"href":"https:\/\/sites.ffkarate.fr\/paysdelaloire\/wp-json\/wp\/v2\/users\/132"}],"replies":[{"embeddable":true,"href":"https:\/\/sites.ffkarate.fr\/paysdelaloire\/wp-json\/wp\/v2\/comments?post=6098"}],"version-history":[{"count":0,"href":"https:\/\/sites.ffkarate.fr\/paysdelaloire\/wp-json\/wp\/v2\/posts\/6098\/revisions"}],"wp:attachment":[{"href":"https:\/\/sites.ffkarate.fr\/paysdelaloire\/wp-json\/wp\/v2\/media?parent=6098"}],"wp:term":[{"taxonomy":"category","embeddable":true,"href":"https:\/\/sites.ffkarate.fr\/paysdelaloire\/wp-json\/wp\/v2\/categories?post=6098"},{"taxonomy":"post_tag","embeddable":true,"href":"https:\/\/sites.ffkarate.fr\/paysdelaloire\/wp-json\/wp\/v2\/tags?post=6098"}],"curies":[{"name":"wp","href":"https:\/\/api.w.org\/{rel}","templated":true}]}}