{"id":6113,"date":"2020-02-16T08:51:11","date_gmt":"2020-02-16T07:51:11","guid":{"rendered":"https:\/\/sites.ffkarate.fr\/paysdelaloire\/?post_type=news&amp;p=6113"},"modified":"2020-02-16T08:51:11","modified_gmt":"2020-02-16T07:51:11","slug":"karate-mix-stage-avec-loik-marty","status":"publish","type":"post","link":"https:\/\/sites.ffkarate.fr\/paysdelaloire\/2020\/02\/16\/karate-mix-stage-avec-loik-marty\/","title":{"rendered":"Karate MIX : STAGE avec LO\u00cfK MARTY"},"content":{"rendered":"<div class=\"wpb-content-wrapper\"><p>[vc_row][vc_column][vc_column_text]D\u00e9couvrez les photos du stage Karat\u00e9 Mix avec Lo\u00efk Marty qui a eu lieu ce samedi aux Sables d&rsquo;Olonne.<\/p>\n<p>Merci \u00e0 tous les participants &amp; \u00e0 Lo\u00efk Marty pour la qualit\u00e9 de son intervention !<\/p>\n<p>Merci au CEKAMPO pour l&rsquo;accueil \ud83d\ude42<\/p>\n<p><a href=\"https:\/\/sites.ffkarate.fr\/paysdelaloire\/wp-content\/uploads\/sites\/120\/2020\/02\/stage-karate-mix-002.jpg\"><img decoding=\"async\" class=\"size-full wp-image-6114\" src=\"https:\/\/sites.ffkarate.fr\/paysdelaloire\/wp-content\/uploads\/sites\/120\/2020\/02\/stage-karate-mix-002.jpg\" alt=\"SONY DSC\" width=\"1626\" height=\"1080\" \/><\/a><\/p>\n<p><a href=\"https:\/\/sites.ffkarate.fr\/paysdelaloire\/wp-content\/uploads\/sites\/120\/2020\/02\/stage-karate-mix-003.jpg\"><img decoding=\"async\" class=\"size-full wp-image-6115\" src=\"https:\/\/sites.ffkarate.fr\/paysdelaloire\/wp-content\/uploads\/sites\/120\/2020\/02\/stage-karate-mix-003.jpg\" alt=\"SONY DSC\" width=\"1626\" height=\"1080\" \/><\/a><\/p>\n<p><a href=\"https:\/\/sites.ffkarate.fr\/paysdelaloire\/wp-content\/uploads\/sites\/120\/2020\/02\/stage-karate-mix-010.jpg\"><img decoding=\"async\" class=\"size-full wp-image-6116\" src=\"https:\/\/sites.ffkarate.fr\/paysdelaloire\/wp-content\/uploads\/sites\/120\/2020\/02\/stage-karate-mix-010.jpg\" alt=\"SONY DSC\" width=\"1626\" height=\"1080\" \/><\/a><\/p>\n<p><a href=\"https:\/\/sites.ffkarate.fr\/paysdelaloire\/wp-content\/uploads\/sites\/120\/2020\/02\/stage-karate-mix-012.jpg\"><img decoding=\"async\" class=\"size-full wp-image-6117\" src=\"https:\/\/sites.ffkarate.fr\/paysdelaloire\/wp-content\/uploads\/sites\/120\/2020\/02\/stage-karate-mix-012.jpg\" alt=\"SONY DSC\" width=\"1626\" height=\"1080\" \/><\/a><\/p>\n<p><a href=\"https:\/\/sites.ffkarate.fr\/paysdelaloire\/wp-content\/uploads\/sites\/120\/2020\/02\/stage-karate-mix-004.jpg\"><img decoding=\"async\" class=\"size-full wp-image-6118\" src=\"https:\/\/sites.ffkarate.fr\/paysdelaloire\/wp-content\/uploads\/sites\/120\/2020\/02\/stage-karate-mix-004.jpg\" alt=\"SONY DSC\" width=\"1626\" height=\"1080\" \/><\/a><\/p>\n<p><a href=\"https:\/\/sites.ffkarate.fr\/paysdelaloire\/wp-content\/uploads\/sites\/120\/2020\/02\/stage-karate-mix-006.jpg\"><img decoding=\"async\" class=\"size-full wp-image-6119\" src=\"https:\/\/sites.ffkarate.fr\/paysdelaloire\/wp-content\/uploads\/sites\/120\/2020\/02\/stage-karate-mix-006.jpg\" alt=\"SONY DSC\" width=\"1626\" height=\"1080\" \/><\/a><\/p>\n<p>&nbsp;<\/p>\n<p>&nbsp;[\/vc_column_text][\/vc_column][\/vc_row]<\/p>\n<\/div>","protected":false},"excerpt":{"rendered":"<p>[vc_row][vc_column][vc_column_text]D\u00e9couvrez les photos du stage Karat\u00e9 Mix avec Lo\u00efk Marty qui a eu lieu ce samedi aux Sables d&rsquo;Olonne. Merci \u00e0 tous les participants &amp; \u00e0 Lo\u00efk Marty pour la qualit\u00e9 de son intervention ! Merci au CEKAMPO pour l&rsquo;accueil \ud83d\ude42 &nbsp; &nbsp;[\/vc_column_text][\/vc_column][\/vc_row]<\/p>\n","protected":false},"author":132,"featured_media":6115,"comment_status":"closed","ping_status":"closed","sticky":false,"template":"","format":"standard","meta":{"footnotes":""},"categories":[1],"tags":[],"class_list":["post-6113","post","type-post","status-publish","format-standard","hentry","category-non-classe"],"_links":{"self":[{"href":"https:\/\/sites.ffkarate.fr\/paysdelaloire\/wp-json\/wp\/v2\/posts\/6113","targetHints":{"allow":["GET"]}}],"collection":[{"href":"https:\/\/sites.ffkarate.fr\/paysdelaloire\/wp-json\/wp\/v2\/posts"}],"about":[{"href":"https:\/\/sites.ffkarate.fr\/paysdelaloire\/wp-json\/wp\/v2\/types\/post"}],"author":[{"embeddable":true,"href":"https:\/\/sites.ffkarate.fr\/paysdelaloire\/wp-json\/wp\/v2\/users\/132"}],"replies":[{"embeddable":true,"href":"https:\/\/sites.ffkarate.fr\/paysdelaloire\/wp-json\/wp\/v2\/comments?post=6113"}],"version-history":[{"count":0,"href":"https:\/\/sites.ffkarate.fr\/paysdelaloire\/wp-json\/wp\/v2\/posts\/6113\/revisions"}],"wp:featuredmedia":[{"embeddable":true,"href":"https:\/\/sites.ffkarate.fr\/paysdelaloire\/wp-json\/wp\/v2\/media\/6115"}],"wp:attachment":[{"href":"https:\/\/sites.ffkarate.fr\/paysdelaloire\/wp-json\/wp\/v2\/media?parent=6113"}],"wp:term":[{"taxonomy":"category","embeddable":true,"href":"https:\/\/sites.ffkarate.fr\/paysdelaloire\/wp-json\/wp\/v2\/categories?post=6113"},{"taxonomy":"post_tag","embeddable":true,"href":"https:\/\/sites.ffkarate.fr\/paysdelaloire\/wp-json\/wp\/v2\/tags?post=6113"}],"curies":[{"name":"wp","href":"https:\/\/api.w.org\/{rel}","templated":true}]}}