{"id":6131,"date":"2020-02-28T16:33:12","date_gmt":"2020-02-28T15:33:12","guid":{"rendered":"https:\/\/sites.ffkarate.fr\/paysdelaloire\/?post_type=news&amp;p=6131"},"modified":"2020-02-28T16:33:12","modified_gmt":"2020-02-28T15:33:12","slug":"open-international-de-paris-karate-full-et-light-contact-un-ligerien-sur-la-1ere-marche","status":"publish","type":"post","link":"https:\/\/sites.ffkarate.fr\/paysdelaloire\/2020\/02\/28\/open-international-de-paris-karate-full-et-light-contact-un-ligerien-sur-la-1ere-marche\/","title":{"rendered":"Open international de Paris Karat\u00e9 full et light contact : un lig\u00e9rien sur la 1\u00e8re marche"},"content":{"rendered":"<div class=\"wpb-content-wrapper\"><p>[vc_row][vc_column][vc_column_text]<a href=\"https:\/\/sites.ffkarate.fr\/paysdelaloire\/wp-content\/uploads\/sites\/120\/2020\/02\/Mathis_full_contact20200225.jpg\"><img decoding=\"async\" class=\"aligncenter size-full wp-image-6132\" src=\"https:\/\/sites.ffkarate.fr\/paysdelaloire\/wp-content\/uploads\/sites\/120\/2020\/02\/Mathis_full_contact20200225.jpg\" alt=\"Mathis_full_contact20200225\" width=\"488\" height=\"650\" \/><\/a>La ligue r\u00e9gionale des Pays de la Loire f\u00e9licite Mathis COUDREUSE, du club\u00a0KALI DEFENSE SYSTEM 72 pour sa 1\u00e8re place chez les juniors Masculin en -55 kilos \u00e0 l&rsquo;occasion de l&rsquo;Open International de Paris de Karat\u00e9 Full et Light Contact qui se tenait les 22 et 23 f\u00e9vrier dernier \u00e0 l&rsquo;INJ Paris.<\/p>\n<p>&nbsp;[\/vc_column_text][\/vc_column][\/vc_row]<\/p>\n<\/div>","protected":false},"excerpt":{"rendered":"<p>[vc_row][vc_column][vc_column_text]La ligue r\u00e9gionale des Pays de la Loire f\u00e9licite Mathis COUDREUSE, du club\u00a0KALI DEFENSE SYSTEM 72 pour sa 1\u00e8re place chez les juniors Masculin en -55 kilos \u00e0 l&rsquo;occasion de l&rsquo;Open International de Paris de Karat\u00e9 Full et Light Contact qui se tenait les 22 et 23 f\u00e9vrier dernier \u00e0 l&rsquo;INJ Paris. &nbsp;[\/vc_column_text][\/vc_column][\/vc_row]<\/p>\n","protected":false},"author":132,"featured_media":6132,"comment_status":"closed","ping_status":"closed","sticky":false,"template":"","format":"standard","meta":{"footnotes":""},"categories":[1],"tags":[],"class_list":["post-6131","post","type-post","status-publish","format-standard","hentry","category-non-classe"],"_links":{"self":[{"href":"https:\/\/sites.ffkarate.fr\/paysdelaloire\/wp-json\/wp\/v2\/posts\/6131","targetHints":{"allow":["GET"]}}],"collection":[{"href":"https:\/\/sites.ffkarate.fr\/paysdelaloire\/wp-json\/wp\/v2\/posts"}],"about":[{"href":"https:\/\/sites.ffkarate.fr\/paysdelaloire\/wp-json\/wp\/v2\/types\/post"}],"author":[{"embeddable":true,"href":"https:\/\/sites.ffkarate.fr\/paysdelaloire\/wp-json\/wp\/v2\/users\/132"}],"replies":[{"embeddable":true,"href":"https:\/\/sites.ffkarate.fr\/paysdelaloire\/wp-json\/wp\/v2\/comments?post=6131"}],"version-history":[{"count":0,"href":"https:\/\/sites.ffkarate.fr\/paysdelaloire\/wp-json\/wp\/v2\/posts\/6131\/revisions"}],"wp:featuredmedia":[{"embeddable":true,"href":"https:\/\/sites.ffkarate.fr\/paysdelaloire\/wp-json\/wp\/v2\/media\/6132"}],"wp:attachment":[{"href":"https:\/\/sites.ffkarate.fr\/paysdelaloire\/wp-json\/wp\/v2\/media?parent=6131"}],"wp:term":[{"taxonomy":"category","embeddable":true,"href":"https:\/\/sites.ffkarate.fr\/paysdelaloire\/wp-json\/wp\/v2\/categories?post=6131"},{"taxonomy":"post_tag","embeddable":true,"href":"https:\/\/sites.ffkarate.fr\/paysdelaloire\/wp-json\/wp\/v2\/tags?post=6131"}],"curies":[{"name":"wp","href":"https:\/\/api.w.org\/{rel}","templated":true}]}}