{"id":6157,"date":"2020-03-09T16:20:40","date_gmt":"2020-03-09T15:20:40","guid":{"rendered":"https:\/\/sites.ffkarate.fr\/paysdelaloire\/?post_type=news&amp;p=6157"},"modified":"2020-03-09T16:20:40","modified_gmt":"2020-03-09T15:20:40","slug":"distinction-en-or-pour-mme-brichory-pascale","status":"publish","type":"post","link":"https:\/\/sites.ffkarate.fr\/paysdelaloire\/2020\/03\/09\/distinction-en-or-pour-mme-brichory-pascale\/","title":{"rendered":"Distinction en Or pour Mme BRICHORY Pascale"},"content":{"rendered":"<div class=\"wpb-content-wrapper\"><p>[vc_row][vc_column][vc_column_text]<a href=\"https:\/\/sites.ffkarate.fr\/paysdelaloire\/wp-content\/uploads\/sites\/120\/2020\/03\/OR-BRICHORY-P.jpg\"><img decoding=\"async\" class=\"alignnone size-medium wp-image-6158\" src=\"https:\/\/sites.ffkarate.fr\/paysdelaloire\/wp-content\/uploads\/sites\/120\/2020\/03\/OR-BRICHORY-P-300x200.jpg\" alt=\"OR BRICHORY P\" width=\"300\" height=\"200\" \/><\/a>Dimanche 8 mars 2020, \u00e0 l&rsquo;occasion de la coupe honneur PB Kata et Kumit\u00e9 de la ligue R\u00e9gionale des Pays de la Loire, Mme BRICHORY Pascale, Pr\u00e9sidente du CEKAMPO des Sables D&rsquo;olonne depuis 12 ans et qui a notamment occup\u00e9e le poste de tr\u00e9sori\u00e8re adjointe de la ligue des Pays de la Loire il y a quelques ann\u00e9es,\u00a0a re\u00e7u la m\u00e9daille d&rsquo;OR de la FFK des mains de Franck VALENTI (pr\u00e9sident de la Ligue).<\/p>\n<p>La veille, elle avait pu d\u00e9montrer sa capacit\u00e9 \u00e0 rassembler des b\u00e9n\u00e9voles pour accueillir et installer le complexe sportif.\u00a0 Merci \u00e0 tous les b\u00e9n\u00e9voles de son club et de la Ligue pour leur coup de main indispensable \u00e0 la bonne organisation.<\/p>\n<p><a href=\"https:\/\/sites.ffkarate.fr\/paysdelaloire\/wp-content\/uploads\/sites\/120\/2020\/03\/benevole-sables-d-olonne.jpg\"><img decoding=\"async\" class=\"alignnone size-medium wp-image-6159\" src=\"https:\/\/sites.ffkarate.fr\/paysdelaloire\/wp-content\/uploads\/sites\/120\/2020\/03\/benevole-sables-d-olonne-300x200.jpg\" alt=\"b\u00e9n\u00e9vole sables d olonne\" width=\"300\" height=\"200\" \/><\/a><\/p>\n<p>&nbsp;[\/vc_column_text][\/vc_column][\/vc_row]<\/p>\n<\/div>","protected":false},"excerpt":{"rendered":"<p>[vc_row][vc_column][vc_column_text]Dimanche 8 mars 2020, \u00e0 l&rsquo;occasion de la coupe honneur PB Kata et Kumit\u00e9 de la ligue R\u00e9gionale des Pays de la Loire, Mme BRICHORY Pascale, Pr\u00e9sidente du CEKAMPO des Sables D&rsquo;olonne depuis 12 ans et qui a notamment occup\u00e9e le poste de tr\u00e9sori\u00e8re adjointe de la ligue des Pays de la Loire il y [&hellip;]<\/p>\n","protected":false},"author":132,"featured_media":6158,"comment_status":"closed","ping_status":"closed","sticky":false,"template":"","format":"standard","meta":{"footnotes":""},"categories":[1],"tags":[],"class_list":["post-6157","post","type-post","status-publish","format-standard","hentry","category-non-classe"],"_links":{"self":[{"href":"https:\/\/sites.ffkarate.fr\/paysdelaloire\/wp-json\/wp\/v2\/posts\/6157","targetHints":{"allow":["GET"]}}],"collection":[{"href":"https:\/\/sites.ffkarate.fr\/paysdelaloire\/wp-json\/wp\/v2\/posts"}],"about":[{"href":"https:\/\/sites.ffkarate.fr\/paysdelaloire\/wp-json\/wp\/v2\/types\/post"}],"author":[{"embeddable":true,"href":"https:\/\/sites.ffkarate.fr\/paysdelaloire\/wp-json\/wp\/v2\/users\/132"}],"replies":[{"embeddable":true,"href":"https:\/\/sites.ffkarate.fr\/paysdelaloire\/wp-json\/wp\/v2\/comments?post=6157"}],"version-history":[{"count":0,"href":"https:\/\/sites.ffkarate.fr\/paysdelaloire\/wp-json\/wp\/v2\/posts\/6157\/revisions"}],"wp:featuredmedia":[{"embeddable":true,"href":"https:\/\/sites.ffkarate.fr\/paysdelaloire\/wp-json\/wp\/v2\/media\/6158"}],"wp:attachment":[{"href":"https:\/\/sites.ffkarate.fr\/paysdelaloire\/wp-json\/wp\/v2\/media?parent=6157"}],"wp:term":[{"taxonomy":"category","embeddable":true,"href":"https:\/\/sites.ffkarate.fr\/paysdelaloire\/wp-json\/wp\/v2\/categories?post=6157"},{"taxonomy":"post_tag","embeddable":true,"href":"https:\/\/sites.ffkarate.fr\/paysdelaloire\/wp-json\/wp\/v2\/tags?post=6157"}],"curies":[{"name":"wp","href":"https:\/\/api.w.org\/{rel}","templated":true}]}}