{"id":6162,"date":"2020-03-09T16:35:26","date_gmt":"2020-03-09T15:35:26","guid":{"rendered":"https:\/\/sites.ffkarate.fr\/paysdelaloire\/?post_type=news&amp;p=6162"},"modified":"2020-03-09T16:35:26","modified_gmt":"2020-03-09T15:35:26","slug":"un-corps-arbitral-regional-qui-setoffe","status":"publish","type":"post","link":"https:\/\/sites.ffkarate.fr\/paysdelaloire\/2020\/03\/09\/un-corps-arbitral-regional-qui-setoffe\/","title":{"rendered":"Un corps arbitral r\u00e9gional qui s&rsquo;\u00e9toffe !"},"content":{"rendered":"<div class=\"wpb-content-wrapper\"><p>[vc_row][vc_column][vc_column_text]<a href=\"https:\/\/sites.ffkarate.fr\/paysdelaloire\/wp-content\/uploads\/sites\/120\/2020\/03\/corps-arbitrale-8-mars-2020.jpg\"><img decoding=\"async\" class=\"alignnone size-medium wp-image-6160\" src=\"https:\/\/sites.ffkarate.fr\/paysdelaloire\/wp-content\/uploads\/sites\/120\/2020\/03\/corps-arbitrale-8-mars-2020-300x200.jpg\" alt=\"corps arbitrale 8 mars 2020\" width=\"300\" height=\"200\" \/><\/a><em>(photo du corps arbitrale du 8 mars 2020)<\/em><\/p>\n<p>Le 8 mars 2020 se sont d\u00e9roul\u00e9s les examens des arbitres Kata et Kumit\u00e9 pour l&rsquo;obtention des titres r\u00e9gionaux.<\/p>\n<p>Le comit\u00e9 directeur de la Ligue transmet ses f\u00e9licitations aux r\u00e9cipiendaires.<\/p>\n<p><!--more--><\/p>\n<p>Ainsi, la Ligue se dote d&rsquo;un nouveau jeune juge r\u00e9gional KATA B et jeune arbitre Kumit\u00e9 B en la personne de MABIL Gwenol\u00eb.<\/p>\n<p>Viennent \u00e9galement gonfler les rangs des arbitres r\u00e9gionaux Kumit\u00e9\u00a0 :<\/p>\n<p>&#8211; NOBLET ELODIE (Kumit\u00e9 B)<\/p>\n<p>&#8211; MELICQUE Pascal (Kumit\u00e9 B)<\/p>\n<p>&#8211; LHAJRI Hamzal (Kumit\u00e9 A)<\/p>\n<p>&nbsp;[\/vc_column_text][\/vc_column][\/vc_row]<\/p>\n<\/div>","protected":false},"excerpt":{"rendered":"<p>[vc_row][vc_column][vc_column_text](photo du corps arbitrale du 8 mars 2020) Le 8 mars 2020 se sont d\u00e9roul\u00e9s les examens des arbitres Kata et Kumit\u00e9 pour l&rsquo;obtention des titres r\u00e9gionaux. Le comit\u00e9 directeur de la Ligue transmet ses f\u00e9licitations aux r\u00e9cipiendaires.<\/p>\n","protected":false},"author":132,"featured_media":6160,"comment_status":"closed","ping_status":"closed","sticky":false,"template":"","format":"standard","meta":{"footnotes":""},"categories":[1],"tags":[],"class_list":["post-6162","post","type-post","status-publish","format-standard","hentry","category-non-classe"],"_links":{"self":[{"href":"https:\/\/sites.ffkarate.fr\/paysdelaloire\/wp-json\/wp\/v2\/posts\/6162","targetHints":{"allow":["GET"]}}],"collection":[{"href":"https:\/\/sites.ffkarate.fr\/paysdelaloire\/wp-json\/wp\/v2\/posts"}],"about":[{"href":"https:\/\/sites.ffkarate.fr\/paysdelaloire\/wp-json\/wp\/v2\/types\/post"}],"author":[{"embeddable":true,"href":"https:\/\/sites.ffkarate.fr\/paysdelaloire\/wp-json\/wp\/v2\/users\/132"}],"replies":[{"embeddable":true,"href":"https:\/\/sites.ffkarate.fr\/paysdelaloire\/wp-json\/wp\/v2\/comments?post=6162"}],"version-history":[{"count":0,"href":"https:\/\/sites.ffkarate.fr\/paysdelaloire\/wp-json\/wp\/v2\/posts\/6162\/revisions"}],"wp:featuredmedia":[{"embeddable":true,"href":"https:\/\/sites.ffkarate.fr\/paysdelaloire\/wp-json\/wp\/v2\/media\/6160"}],"wp:attachment":[{"href":"https:\/\/sites.ffkarate.fr\/paysdelaloire\/wp-json\/wp\/v2\/media?parent=6162"}],"wp:term":[{"taxonomy":"category","embeddable":true,"href":"https:\/\/sites.ffkarate.fr\/paysdelaloire\/wp-json\/wp\/v2\/categories?post=6162"},{"taxonomy":"post_tag","embeddable":true,"href":"https:\/\/sites.ffkarate.fr\/paysdelaloire\/wp-json\/wp\/v2\/tags?post=6162"}],"curies":[{"name":"wp","href":"https:\/\/api.w.org\/{rel}","templated":true}]}}