{"id":6172,"date":"2020-03-14T14:31:10","date_gmt":"2020-03-14T13:31:10","guid":{"rendered":"https:\/\/sites.ffkarate.fr\/paysdelaloire\/?post_type=news&amp;p=6172"},"modified":"2020-03-14T14:31:10","modified_gmt":"2020-03-14T13:31:10","slug":"deces-de-jean-philippe-paris","status":"publish","type":"post","link":"https:\/\/sites.ffkarate.fr\/paysdelaloire\/2020\/03\/14\/deces-de-jean-philippe-paris\/","title":{"rendered":"D\u00e9c\u00e8s de Jean-Philippe Paris"},"content":{"rendered":"<div class=\"wpb-content-wrapper\"><p>[vc_row][vc_column][vc_column_text]C&rsquo;est avec une vive \u00e9motion et une profonde tristesse que nous vous annon\u00e7ons le d\u00e9c\u00e8s de M. Jean-Philippe PARIS.<\/p>\n<p>7\u00e8me DAN de Karat\u00e9 et Brevet d&rsquo;\u00e9tat 2\u00e8me degr\u00e9, Jean-Philippe est d\u00e9c\u00e9d\u00e9 d&rsquo;une crise cardiaque \u00e0 l&rsquo;\u00e2ge de 56 ans.<\/p>\n<p>Toute l&rsquo;\u00e9quipe de la Ligue pense fort \u00e0 lui, \u00e0 sa famille, \u00e0 ses proches et \u00e0 ses amis karat\u00e9kas. Toutes nos condol\u00e9ances.<\/p>\n<p>Jean-Philippe PARIS \u00e9tait un budoka dans l&rsquo;\u00e2me, fid\u00e8le au code moral. Le monde du Karat\u00e9 perd aujourd&rsquo;hui un grand karat\u00e9ka et un grand homme.<\/p>\n<p><a href=\"https:\/\/sites.ffkarate.fr\/paysdelaloire\/wp-content\/uploads\/sites\/120\/2020\/03\/89697694_10157350828389538_4124120854244098048_n.jpg\"><img decoding=\"async\" class=\"aligncenter size-full wp-image-6175\" src=\"https:\/\/sites.ffkarate.fr\/paysdelaloire\/wp-content\/uploads\/sites\/120\/2020\/03\/89697694_10157350828389538_4124120854244098048_n.jpg\" alt=\"89697694_10157350828389538_4124120854244098048_n\" width=\"600\" height=\"449\" \/><\/a><\/p>\n<p>&nbsp;<\/p>\n<p><strong>AVIS DE FAIRE PART:<\/strong><\/p>\n<p><!--more--><\/p>\n<p>Ste-Sabine-sur-Long\u00e8ve,Le Mans, Moulins (03),M\u00e9zi\u00e8res-sur-Ponthouin,<br \/>\nCatherine Paris, son \u00e9pouse; Xavier, Beno\u00eet, Thomas et Rachel,ses enfants;<br \/>\nJade, sa petite-fille; Mme Claudine Paris, sa maman;Eric Paris, son fr\u00e8re;<br \/>\nses beaux-fr\u00e8res et belles-soeurs,ses neveux et ni\u00e8ces et toute la famille<br \/>\nont la tristesse de vous faire part du d\u00e9c\u00e8s de<br \/>\nMonsieur Jean-Philippe PARIS<br \/>\nDirecteur de l\u2019\u00e9cole de Montbizot<br \/>\nsurvenu le 14 mars 2020, \u00e0 l\u2019\u00e2ge de 55 ans.<br \/>\nDans le cadre des mesures gouvernementales contre le coronavirus, seuls la famille et les<br \/>\nproches pourront assister a la c\u00e9r\u00e9monie.<br \/>\nLa c\u00e9r\u00e9monie civile sera c\u00e9l\u00e9br\u00e9e vendredi 20 mars 2020, \u00e0 15h15, au cr\u00e9matorium du Mans,<br \/>\n128 rue Etienne Falconnet.<br \/>\nJean-Philippe repose \u00e0 la chambre fun\u00e9raire du Grand cimeti\u00e8re au Mans o\u00f9 des visites peuvent lui \u00eatre rendues.<br \/>\nLa famille remercie tr\u00e8s sinc\u00e8rement toutes les personnes qui s\u2019associeront \u00e0 sa peine.<br \/>\nLe pr\u00e9sent avis tient lieu de faire-part et de remerciements.<br \/>\nFleurs naturelles seulement, pas de plaques.<br \/>\nCondol\u00e9ances sur registres et sur www.pf-touchard.fr[\/vc_column_text][\/vc_column][\/vc_row]<\/p>\n<\/div>","protected":false},"excerpt":{"rendered":"<p>[vc_row][vc_column][vc_column_text]C&rsquo;est avec une vive \u00e9motion et une profonde tristesse que nous vous annon\u00e7ons le d\u00e9c\u00e8s de M. Jean-Philippe PARIS. 7\u00e8me DAN de Karat\u00e9 et Brevet d&rsquo;\u00e9tat 2\u00e8me degr\u00e9, Jean-Philippe est d\u00e9c\u00e9d\u00e9 d&rsquo;une crise cardiaque \u00e0 l&rsquo;\u00e2ge de 56 ans. Toute l&rsquo;\u00e9quipe de la Ligue pense fort \u00e0 lui, \u00e0 sa famille, \u00e0 ses proches et [&hellip;]<\/p>\n","protected":false},"author":132,"featured_media":6175,"comment_status":"closed","ping_status":"closed","sticky":false,"template":"","format":"standard","meta":{"footnotes":""},"categories":[1],"tags":[],"class_list":["post-6172","post","type-post","status-publish","format-standard","hentry","category-non-classe"],"_links":{"self":[{"href":"https:\/\/sites.ffkarate.fr\/paysdelaloire\/wp-json\/wp\/v2\/posts\/6172","targetHints":{"allow":["GET"]}}],"collection":[{"href":"https:\/\/sites.ffkarate.fr\/paysdelaloire\/wp-json\/wp\/v2\/posts"}],"about":[{"href":"https:\/\/sites.ffkarate.fr\/paysdelaloire\/wp-json\/wp\/v2\/types\/post"}],"author":[{"embeddable":true,"href":"https:\/\/sites.ffkarate.fr\/paysdelaloire\/wp-json\/wp\/v2\/users\/132"}],"replies":[{"embeddable":true,"href":"https:\/\/sites.ffkarate.fr\/paysdelaloire\/wp-json\/wp\/v2\/comments?post=6172"}],"version-history":[{"count":0,"href":"https:\/\/sites.ffkarate.fr\/paysdelaloire\/wp-json\/wp\/v2\/posts\/6172\/revisions"}],"wp:featuredmedia":[{"embeddable":true,"href":"https:\/\/sites.ffkarate.fr\/paysdelaloire\/wp-json\/wp\/v2\/media\/6175"}],"wp:attachment":[{"href":"https:\/\/sites.ffkarate.fr\/paysdelaloire\/wp-json\/wp\/v2\/media?parent=6172"}],"wp:term":[{"taxonomy":"category","embeddable":true,"href":"https:\/\/sites.ffkarate.fr\/paysdelaloire\/wp-json\/wp\/v2\/categories?post=6172"},{"taxonomy":"post_tag","embeddable":true,"href":"https:\/\/sites.ffkarate.fr\/paysdelaloire\/wp-json\/wp\/v2\/tags?post=6172"}],"curies":[{"name":"wp","href":"https:\/\/api.w.org\/{rel}","templated":true}]}}