{"id":6181,"date":"2020-03-24T13:10:04","date_gmt":"2020-03-24T12:10:04","guid":{"rendered":"https:\/\/sites.ffkarate.fr\/paysdelaloire\/?post_type=news&amp;p=6181"},"modified":"2020-03-24T13:10:04","modified_gmt":"2020-03-24T12:10:04","slug":"evolution-coronavirus","status":"publish","type":"post","link":"https:\/\/sites.ffkarate.fr\/paysdelaloire\/2020\/03\/24\/evolution-coronavirus\/","title":{"rendered":"EVOLUTION CORONAVIRUS"},"content":{"rendered":"<div class=\"wpb-content-wrapper\"><p>[vc_row][vc_column][vc_column_text]Mise \u00e0 jour 24 mars 2020<\/p>\n<p>CORONAVIRUS<\/p>\n<p>Suite au discours prononc\u00e9 samedi par Monsieur le Premier ministre, les mesures restrictives relatives au COVID-19 ont \u00e9t\u00e9 intensifi\u00e9es pour lutter contre la propagation du coronavirus.<\/p>\n<p>Vous trouverez ci-dessous le d\u00e9cret publi\u00e9 au journal officiel de ce jour :<\/p>\n<p>&#8211; <a href=\"https:\/\/www.ffkarate.fr\/wp-content\/uploads\/2020\/03\/joe_20200316_0065_0001.pdf\" target=\"_blank\" rel=\"noopener\">D\u00e9cret no 2020-259 du 15 mars 2020 relatif \u00e0 l\u2019entr\u00e9e en vigueur imm\u00e9diate d\u2019un arr\u00eat\u00e9<\/a><\/p>\n<p>&#8211; <a href=\"https:\/\/www.ffkarate.fr\/wp-content\/uploads\/2020\/03\/joe_20200316_0065_0002.pdf\" target=\"_blank\" rel=\"noopener\">Arr\u00eat\u00e9 du 15 mars 2020 compl\u00e9tant l&rsquo;arr\u00eat\u00e9 du 14 mars 2020 portant diverses mesures relatives \u00e0 la lutte contre la propagation du virus covid-19<\/a><\/p>\n<p>Conform\u00e9ment \u00e0 l&rsquo;arr\u00eat\u00e9 du 16 mars 2020, compl\u00e9tant celui du 14 mars 2020, nous vous informons donc que les \u00e9tablissements accueillant des activit\u00e9s physiques et sportives doivent rester ferm\u00e9s jusqu&rsquo;au 15 avril 2020.<\/p>\n<p>La Ligue r\u00e9gionale est \u00e9galement ferm\u00e9e au public.<\/p>\n<p>Les examens de grades au sein des comit\u00e9s d\u00e9partementaux, des zones interd\u00e9partementales, des ligues r\u00e9gionales et au niveau national sont annul\u00e9s.<\/p>\n<p><strong>Au regard des circonstances sanitaires exceptionnelles, la F\u00e9d\u00e9ration Mondiale de Karat\u00e9 a act\u00e9 le report du Tournoi de qualification Olympique 2020. La date et le lieu de l&rsquo;\u00e9v\u00e9nement ne sont pas encore d\u00e9finis. Ils seront annonc\u00e9s dans les prochains jours.<\/strong><\/p>\n<p><strong>Le Japon et le Comit\u00e9 international olympique se sont mis d\u2019accord sur un report d\u2019un an des JO-2020.<\/strong><\/p>\n<p>Ces mesures sont en vigueur jusqu&rsquo;\u00e0 nouvel ordre. Nous vous tiendrons au courant de toute \u00e9volution.[\/vc_column_text][\/vc_column][\/vc_row]<\/p>\n<\/div>","protected":false},"excerpt":{"rendered":"<p>[vc_row][vc_column][vc_column_text]Mise \u00e0 jour 24 mars 2020 CORONAVIRUS Suite au discours prononc\u00e9 samedi par Monsieur le Premier ministre, les mesures restrictives relatives au COVID-19 ont \u00e9t\u00e9 intensifi\u00e9es pour lutter contre la propagation du coronavirus. Vous trouverez ci-dessous le d\u00e9cret publi\u00e9 au journal officiel de ce jour : &#8211; D\u00e9cret no 2020-259 du 15 mars 2020 relatif [&hellip;]<\/p>\n","protected":false},"author":132,"featured_media":0,"comment_status":"closed","ping_status":"closed","sticky":false,"template":"","format":"standard","meta":{"footnotes":""},"categories":[1],"tags":[],"class_list":["post-6181","post","type-post","status-publish","format-standard","hentry","category-non-classe"],"_links":{"self":[{"href":"https:\/\/sites.ffkarate.fr\/paysdelaloire\/wp-json\/wp\/v2\/posts\/6181","targetHints":{"allow":["GET"]}}],"collection":[{"href":"https:\/\/sites.ffkarate.fr\/paysdelaloire\/wp-json\/wp\/v2\/posts"}],"about":[{"href":"https:\/\/sites.ffkarate.fr\/paysdelaloire\/wp-json\/wp\/v2\/types\/post"}],"author":[{"embeddable":true,"href":"https:\/\/sites.ffkarate.fr\/paysdelaloire\/wp-json\/wp\/v2\/users\/132"}],"replies":[{"embeddable":true,"href":"https:\/\/sites.ffkarate.fr\/paysdelaloire\/wp-json\/wp\/v2\/comments?post=6181"}],"version-history":[{"count":0,"href":"https:\/\/sites.ffkarate.fr\/paysdelaloire\/wp-json\/wp\/v2\/posts\/6181\/revisions"}],"wp:attachment":[{"href":"https:\/\/sites.ffkarate.fr\/paysdelaloire\/wp-json\/wp\/v2\/media?parent=6181"}],"wp:term":[{"taxonomy":"category","embeddable":true,"href":"https:\/\/sites.ffkarate.fr\/paysdelaloire\/wp-json\/wp\/v2\/categories?post=6181"},{"taxonomy":"post_tag","embeddable":true,"href":"https:\/\/sites.ffkarate.fr\/paysdelaloire\/wp-json\/wp\/v2\/tags?post=6181"}],"curies":[{"name":"wp","href":"https:\/\/api.w.org\/{rel}","templated":true}]}}