{"id":6193,"date":"2020-03-30T18:22:51","date_gmt":"2020-03-30T16:22:51","guid":{"rendered":"https:\/\/sites.ffkarate.fr\/paysdelaloire\/?post_type=news&amp;p=6193"},"modified":"2020-03-30T18:22:51","modified_gmt":"2020-03-30T16:22:51","slug":"message-de-la-federation-recu-ce-jour","status":"publish","type":"post","link":"https:\/\/sites.ffkarate.fr\/paysdelaloire\/2020\/03\/30\/message-de-la-federation-recu-ce-jour\/","title":{"rendered":"Message de la f\u00e9d\u00e9ration re\u00e7u ce jour"},"content":{"rendered":"<div class=\"wpb-content-wrapper\"><p>[vc_row][vc_column][vc_column_text]Au regard des circonstances sanitaires, et dans la mesure o\u00f9 la prolongation des mesures de confinement est in\u00e9vitable, la F\u00e9d\u00e9ration a pris<b>\u00a0la d\u00e9cision d\u2019annuler l\u2019ensemble des manifestations pr\u00e9vues jusqu\u2019au 10 mai.<\/b>\u00a0Cela concerne l\u2019ensemble des activit\u00e9s f\u00e9d\u00e9rales (comp\u00e9titions, stages, formations, examens de grades,&#8230;).<\/p>\n<p>Les clubs restent \u00e9galement ferm\u00e9s, ainsi que le si\u00e8ge f\u00e9d\u00e9ral.\u00a0Ces mesures sont en vigueur jusqu\u2019\u00e0 nouvel ordre.<\/p>\n<p><b>Le Pr\u00e9sident Francis Didier r\u00e9pond aux questions suscit\u00e9es par la crise sanitaire et l\u2019annonce du report, mardi 24 mars, des Jeux olympiques en 2021. <a href=\"https:\/\/www.ffkarate.fr\/francis-didier-prets-a-mettre-toute-notre-energie-pour-le-retour-dans-les-salles\/\" target=\"_blank\" rel=\"noopener\">Cliquez ici<\/a><br \/>\n<\/b><\/p>\n<p>&nbsp;<\/p>\n<p>&nbsp;[\/vc_column_text][\/vc_column][\/vc_row]<\/p>\n<\/div>","protected":false},"excerpt":{"rendered":"<p>[vc_row][vc_column][vc_column_text]Au regard des circonstances sanitaires, et dans la mesure o\u00f9 la prolongation des mesures de confinement est in\u00e9vitable, la F\u00e9d\u00e9ration a pris\u00a0la d\u00e9cision d\u2019annuler l\u2019ensemble des manifestations pr\u00e9vues jusqu\u2019au 10 mai.\u00a0Cela concerne l\u2019ensemble des activit\u00e9s f\u00e9d\u00e9rales (comp\u00e9titions, stages, formations, examens de grades,&#8230;). Les clubs restent \u00e9galement ferm\u00e9s, ainsi que le si\u00e8ge f\u00e9d\u00e9ral.\u00a0Ces mesures sont en [&hellip;]<\/p>\n","protected":false},"author":132,"featured_media":0,"comment_status":"closed","ping_status":"closed","sticky":false,"template":"","format":"standard","meta":{"footnotes":""},"categories":[1],"tags":[],"class_list":["post-6193","post","type-post","status-publish","format-standard","hentry","category-non-classe"],"_links":{"self":[{"href":"https:\/\/sites.ffkarate.fr\/paysdelaloire\/wp-json\/wp\/v2\/posts\/6193","targetHints":{"allow":["GET"]}}],"collection":[{"href":"https:\/\/sites.ffkarate.fr\/paysdelaloire\/wp-json\/wp\/v2\/posts"}],"about":[{"href":"https:\/\/sites.ffkarate.fr\/paysdelaloire\/wp-json\/wp\/v2\/types\/post"}],"author":[{"embeddable":true,"href":"https:\/\/sites.ffkarate.fr\/paysdelaloire\/wp-json\/wp\/v2\/users\/132"}],"replies":[{"embeddable":true,"href":"https:\/\/sites.ffkarate.fr\/paysdelaloire\/wp-json\/wp\/v2\/comments?post=6193"}],"version-history":[{"count":0,"href":"https:\/\/sites.ffkarate.fr\/paysdelaloire\/wp-json\/wp\/v2\/posts\/6193\/revisions"}],"wp:attachment":[{"href":"https:\/\/sites.ffkarate.fr\/paysdelaloire\/wp-json\/wp\/v2\/media?parent=6193"}],"wp:term":[{"taxonomy":"category","embeddable":true,"href":"https:\/\/sites.ffkarate.fr\/paysdelaloire\/wp-json\/wp\/v2\/categories?post=6193"},{"taxonomy":"post_tag","embeddable":true,"href":"https:\/\/sites.ffkarate.fr\/paysdelaloire\/wp-json\/wp\/v2\/tags?post=6193"}],"curies":[{"name":"wp","href":"https:\/\/api.w.org\/{rel}","templated":true}]}}