{"id":6195,"date":"2020-04-07T20:36:53","date_gmt":"2020-04-07T18:36:53","guid":{"rendered":"https:\/\/sites.ffkarate.fr\/paysdelaloire\/?post_type=news&amp;p=6195"},"modified":"2020-04-07T20:36:53","modified_gmt":"2020-04-07T18:36:53","slug":"r-i-p-franck-lepors","status":"publish","type":"post","link":"https:\/\/sites.ffkarate.fr\/paysdelaloire\/2020\/04\/07\/r-i-p-franck-lepors\/","title":{"rendered":"R.I.P Franck LEPORS"},"content":{"rendered":"<div class=\"wpb-content-wrapper\"><p>[vc_row][vc_column][vc_column_text]<\/p>\n<p style=\"text-align: left\"><a href=\"https:\/\/sites.ffkarate.fr\/paysdelaloire\/wp-content\/uploads\/sites\/120\/2020\/04\/franck-lepors-e1586284158146.jpg\"><img decoding=\"async\" class=\"size-full wp-image-6196 aligncenter\" src=\"https:\/\/sites.ffkarate.fr\/paysdelaloire\/wp-content\/uploads\/sites\/120\/2020\/04\/franck-lepors-e1586284158146.jpg\" alt=\"franck lepors\" width=\"500\" height=\"560\" \/><\/a>Il est choses auxquelles on ne peut croire, tant le personnage semblait \u00e9ternel : Franck LEPORS,<br \/>\nfigure embl\u00e9matique des Arts Martiaux Vietnamiens des Pays de la Loire, de l&rsquo;\u00e9cole Lam Son, est parti dans sa 57\u00e8me ann\u00e9e<br \/>\ndans la nuit du dimanche au lundi 30 mars 2020.<\/p>\n<p>Il a \u00e9t\u00e9 un acteur important dans le d\u00e9veloppement des arts martiaux vietnamiens\u00a0 notamment \u00e0 l&rsquo;\u00e9poque de la commission nationale des arts martiaux vietnamiens de la FFKAMA et toujours disponible pour la ligue des Pays de la Loire.<\/p>\n<p><!--more--><\/p>\n<p>Franck aura consacr\u00e9 sa vie aux Arts Martiaux Vietnamiens : il d\u00e9bute dans cette discipline en 1980 \u00e0 Angers.<br \/>\nEn 1992, il co-fonde un\u00a0club \u00e0 Saint Barth\u00e9l\u00e9my d\u2019Anjou.<\/p>\n<p>Par la suite, il co-fonde le club du Plessis-Grammoire et il y enseigna jusqu&rsquo;\u00e0 sa disparition.<\/p>\n<p>Sa longue pratique lui aura permis de d\u00e9crocher de nombreux titres r\u00e9gionaux, nationaux et europ\u00e9en tant en technique qu&rsquo;en combat.<\/p>\n<p>Au cours de son enseignement, il n\u2019aura jamais cess\u00e9\u00a0de transmettre son savoir et ses valeurs. Il a contribu\u00e9 \u00e0 la formation de<br \/>\nnombreux\u00a0grad\u00e9s\u00a0dont certains ont depuis mont\u00e9 leur propre \u00e9cole.<\/p>\n<p>En dehors des tapis, pour beaucoup de pratiquant(e)s, il \u00e9tait devenu un ami, un p\u00e8re attentionn\u00e9.<\/p>\n<p>Ces derni\u00e8res ann\u00e9es, Franck donnait\u00a0vouait beaucoup de son temps chez les sapeurs-pompiers volontaires et solidaires car il attachait une grande importance \u00e0 la bienveillance.<\/p>\n<p>Toutes nos condol\u00e9ances \u00e0 sa famille et ses nombreux amis.<\/p>\n<p>Nul doute que ses fr\u00e8res d&rsquo;armes perp\u00e9tueront sa m\u00e9moire.<a href=\"https:\/\/sites.ffkarate.fr\/paysdelaloire\/wp-content\/uploads\/sites\/120\/2020\/04\/franck-lepors-e1586284158146.jpg\"><br \/>\n<\/a>[\/vc_column_text][\/vc_column][\/vc_row]<\/p>\n<\/div>","protected":false},"excerpt":{"rendered":"<p>[vc_row][vc_column][vc_column_text] Il est choses auxquelles on ne peut croire, tant le personnage semblait \u00e9ternel : Franck LEPORS, figure embl\u00e9matique des Arts Martiaux Vietnamiens des Pays de la Loire, de l&rsquo;\u00e9cole Lam Son, est parti dans sa 57\u00e8me ann\u00e9e dans la nuit du dimanche au lundi 30 mars 2020. Il a \u00e9t\u00e9 un acteur important dans [&hellip;]<\/p>\n","protected":false},"author":132,"featured_media":6196,"comment_status":"closed","ping_status":"closed","sticky":false,"template":"","format":"standard","meta":{"footnotes":""},"categories":[1],"tags":[],"class_list":["post-6195","post","type-post","status-publish","format-standard","hentry","category-non-classe"],"_links":{"self":[{"href":"https:\/\/sites.ffkarate.fr\/paysdelaloire\/wp-json\/wp\/v2\/posts\/6195","targetHints":{"allow":["GET"]}}],"collection":[{"href":"https:\/\/sites.ffkarate.fr\/paysdelaloire\/wp-json\/wp\/v2\/posts"}],"about":[{"href":"https:\/\/sites.ffkarate.fr\/paysdelaloire\/wp-json\/wp\/v2\/types\/post"}],"author":[{"embeddable":true,"href":"https:\/\/sites.ffkarate.fr\/paysdelaloire\/wp-json\/wp\/v2\/users\/132"}],"replies":[{"embeddable":true,"href":"https:\/\/sites.ffkarate.fr\/paysdelaloire\/wp-json\/wp\/v2\/comments?post=6195"}],"version-history":[{"count":0,"href":"https:\/\/sites.ffkarate.fr\/paysdelaloire\/wp-json\/wp\/v2\/posts\/6195\/revisions"}],"wp:featuredmedia":[{"embeddable":true,"href":"https:\/\/sites.ffkarate.fr\/paysdelaloire\/wp-json\/wp\/v2\/media\/6196"}],"wp:attachment":[{"href":"https:\/\/sites.ffkarate.fr\/paysdelaloire\/wp-json\/wp\/v2\/media?parent=6195"}],"wp:term":[{"taxonomy":"category","embeddable":true,"href":"https:\/\/sites.ffkarate.fr\/paysdelaloire\/wp-json\/wp\/v2\/categories?post=6195"},{"taxonomy":"post_tag","embeddable":true,"href":"https:\/\/sites.ffkarate.fr\/paysdelaloire\/wp-json\/wp\/v2\/tags?post=6195"}],"curies":[{"name":"wp","href":"https:\/\/api.w.org\/{rel}","templated":true}]}}