{"id":6232,"date":"2020-06-02T09:04:33","date_gmt":"2020-06-02T07:04:33","guid":{"rendered":"https:\/\/sites.ffkarate.fr\/paysdelaloire\/?post_type=news&amp;p=6232"},"modified":"2020-06-02T09:04:33","modified_gmt":"2020-06-02T07:04:33","slug":"une-reouverture-des-dojos-a-partir-du-2-juin","status":"publish","type":"post","link":"https:\/\/sites.ffkarate.fr\/paysdelaloire\/2020\/06\/02\/une-reouverture-des-dojos-a-partir-du-2-juin\/","title":{"rendered":"Une r\u00e9ouverture des dojos \u00e0 partir du 2 juin"},"content":{"rendered":"<div class=\"wpb-content-wrapper\"><p>[vc_row][vc_column][vc_column_text]<b>Une r\u00e9ouverture des dojos \u00e0 partir du 2 juin<\/b><\/p>\n<p>Dans la lign\u00e9e des annonces du Premier ministre jeudi dernier, la Ministre des Sports a d\u00e9taill\u00e9 par communiqu\u00e9 les principales mesures concernant le sport \u00e0 partir du 2 juin 2020. Vous trouverez ci-dessous les informations \u00e0 retenir pour la pratique de nos disciplines.<\/p>\n<p>A partir du 2 juin en zone verte (et du 22 juin en zone orange), les gymnases, dojos et salles de sport pourront \u00e0 nouveau ouvrir, dans le respect des protocoles sanitaires \u00e9labor\u00e9s par le minist\u00e8re des sports.<\/p>\n<h3><b>Les r\u00e8gles \u00e0 respecter pour la pratique organis\u00e9e par le club\u00a0<u>\u00e0 partir du 2 juin pour la zone verte<\/u>\u00a0:<\/b><\/h3>\n<ul>\n<li>le\u00a0<b>respect de la distanciation physique<\/b>\u00a0sp\u00e9cifique aux activit\u00e9s sportives sera imp\u00e9ratif entre les pratiquants.<\/li>\n<li>Les pratiques autoris\u00e9es sont fond\u00e9es sur l\u2019<b>absence de contact physique<\/b>\u00a0:\n<ul>\n<li>La\u00a0<b>remise en forme<\/b><\/li>\n<li>Le\u00a0<b>travail technique<\/b>\u00a0(Kata, Kihon, Quyen, Ta\u00efchi, Taolu,\u2026)<\/li>\n<li>La r\u00e9alisation de \u00ab jeux \u00bb pour les plus jeunes<\/li>\n<\/ul>\n<\/li>\n<li>Si\u00a0<b>aucun groupe de plus de 10 pratiquants<\/b>\u00a0(encadrant compris) ne saurait \u00eatre constitu\u00e9,\u00a0<b>plusieurs groupes de 10 pratiquants<\/b>\u00a0pourront \u00eatre accueillis simultan\u00e9ment dans le m\u00eame \u00e9quipement d\u00e8s lors que :\n<ul>\n<li>chaque groupe respecte en son sein les r\u00e8gles de distanciation physique impos\u00e9es pour la pratique sportive,<\/li>\n<li>l\u2019espace disponible, la pratique propos\u00e9e et les modalit\u00e9s de circulation et d\u2019espacement des groupes se conforment aux principes g\u00e9n\u00e9raux de distanciation.<\/li>\n<\/ul>\n<\/li>\n<\/ul>\n<p>La pratique des activit\u00e9s de contact n\u2019est pour le moment pas permise. Un nouveau point sera r\u00e9alis\u00e9 le 22 juin \u00e0 ce sujet.<\/p>\n<h3><b><u>Pour la zone orange, les r\u00e8gles en vigueur depuis le 11 mai restent d\u2019actualit\u00e9 jusqu\u2019au 22 juin :<\/u><\/b><\/h3>\n<ul>\n<li>En\u00a0<b>ext\u00e9rieur uniquement, sans contact, en respectant la distanciation physique<\/b>\u00a0(4m2 par personne)<\/li>\n<li>En limitant les rassemblements \u00e0\u00a0<b>10 personnes maximum<\/b><\/li>\n<li>Sans utilisation de vestiaires<\/li>\n<li>Les pratiques autoris\u00e9es sont fond\u00e9es sur l\u2019<b>absence de contact physique<\/b>\u00a0:\n<ul>\n<li>La\u00a0<b>remise en forme<\/b><\/li>\n<li>Le\u00a0<b>travail technique<\/b>\u00a0(Kata, Kihon, Quyen, Ta\u00efchi, Taolu,\u2026)<\/li>\n<li>La r\u00e9alisation de \u00ab jeux \u00bb pour les plus jeunes<\/li>\n<\/ul>\n<\/li>\n<\/ul>\n<p><a href=\"http:\/\/ml.redir.ffkarate.fr\/lnk\/AMAAAHQ6-aIAAcpGXPoAAGqhtygAAJU_i2EAJJ0iAAFnwwBe1Ms4WwvUzCi_TIO5YMfSzIW6AwABWCs\/2\/mQspZ0wlk367DeotFFC1mA\/aHR0cHM6Ly93d3cuZmZrYXJhdGUuZnIvd3AtY29udGVudC91cGxvYWRzLzIwMjAvMDYvRklDSEVfUkVQUklTRV9waGFzZS0yLnBkZg\" target=\"_blank\" rel=\"noopener\">Fiche reprise phase 2 (Zone verte)<\/a><\/p>\n<p><a href=\"https:\/\/sites.ffkarate.fr\/paysdelaloire\/wp-content\/uploads\/sites\/120\/2020\/06\/101980053_3162128870533642_6545300747720851456_o.jpg\"><img decoding=\"async\" class=\"aligncenter size-full wp-image-6233\" src=\"https:\/\/sites.ffkarate.fr\/paysdelaloire\/wp-content\/uploads\/sites\/120\/2020\/06\/101980053_3162128870533642_6545300747720851456_o.jpg\" alt=\"101980053_3162128870533642_6545300747720851456_o\" width=\"688\" height=\"960\" \/><\/a>[\/vc_column_text][\/vc_column][\/vc_row]<\/p>\n<\/div>","protected":false},"excerpt":{"rendered":"<p>[vc_row][vc_column][vc_column_text]Une r\u00e9ouverture des dojos \u00e0 partir du 2 juin Dans la lign\u00e9e des annonces du Premier ministre jeudi dernier, la Ministre des Sports a d\u00e9taill\u00e9 par communiqu\u00e9 les principales mesures concernant le sport \u00e0 partir du 2 juin 2020. Vous trouverez ci-dessous les informations \u00e0 retenir pour la pratique de nos disciplines. A partir du [&hellip;]<\/p>\n","protected":false},"author":132,"featured_media":6233,"comment_status":"closed","ping_status":"closed","sticky":false,"template":"","format":"standard","meta":{"footnotes":""},"categories":[1],"tags":[],"class_list":["post-6232","post","type-post","status-publish","format-standard","hentry","category-non-classe"],"_links":{"self":[{"href":"https:\/\/sites.ffkarate.fr\/paysdelaloire\/wp-json\/wp\/v2\/posts\/6232","targetHints":{"allow":["GET"]}}],"collection":[{"href":"https:\/\/sites.ffkarate.fr\/paysdelaloire\/wp-json\/wp\/v2\/posts"}],"about":[{"href":"https:\/\/sites.ffkarate.fr\/paysdelaloire\/wp-json\/wp\/v2\/types\/post"}],"author":[{"embeddable":true,"href":"https:\/\/sites.ffkarate.fr\/paysdelaloire\/wp-json\/wp\/v2\/users\/132"}],"replies":[{"embeddable":true,"href":"https:\/\/sites.ffkarate.fr\/paysdelaloire\/wp-json\/wp\/v2\/comments?post=6232"}],"version-history":[{"count":0,"href":"https:\/\/sites.ffkarate.fr\/paysdelaloire\/wp-json\/wp\/v2\/posts\/6232\/revisions"}],"wp:featuredmedia":[{"embeddable":true,"href":"https:\/\/sites.ffkarate.fr\/paysdelaloire\/wp-json\/wp\/v2\/media\/6233"}],"wp:attachment":[{"href":"https:\/\/sites.ffkarate.fr\/paysdelaloire\/wp-json\/wp\/v2\/media?parent=6232"}],"wp:term":[{"taxonomy":"category","embeddable":true,"href":"https:\/\/sites.ffkarate.fr\/paysdelaloire\/wp-json\/wp\/v2\/categories?post=6232"},{"taxonomy":"post_tag","embeddable":true,"href":"https:\/\/sites.ffkarate.fr\/paysdelaloire\/wp-json\/wp\/v2\/tags?post=6232"}],"curies":[{"name":"wp","href":"https:\/\/api.w.org\/{rel}","templated":true}]}}