{"id":6253,"date":"2020-06-17T10:21:08","date_gmt":"2020-06-17T08:21:08","guid":{"rendered":"https:\/\/sites.ffkarate.fr\/paysdelaloire\/?post_type=news&amp;p=6253"},"modified":"2020-06-17T10:21:08","modified_gmt":"2020-06-17T08:21:08","slug":"felicitations-aux-diplomes-regionaux-du-dif","status":"publish","type":"post","link":"https:\/\/sites.ffkarate.fr\/paysdelaloire\/2020\/06\/17\/felicitations-aux-diplomes-regionaux-du-dif\/","title":{"rendered":"F\u00e9licitations aux dipl\u00f4m\u00e9s r\u00e9gionaux du DIF"},"content":{"rendered":"<div class=\"wpb-content-wrapper\"><p>[vc_row][vc_column][vc_column_text]Malgr\u00e9 la crise sanitaire, L&rsquo;\u00e9cole des cadres de la Ligue R\u00e9gionale des Pays de la Loire a continu\u00e9 le programme f\u00e9d\u00e9ral en visioconf\u00e9rence.<\/p>\n<p>Vous trouverez dans le tableau ci-dessous la liste des personnes admises \u00e0 la formation en ligne DIF 2020.<\/p>\n<p>Nous f\u00e9licitons l&rsquo;ensemble des admis pour leur participation et leur implication dans ce nouveau format en ligne.<\/p>\n<p>Les nouveaux dipl\u00f4m\u00e9s seront convoqu\u00e9es pour une journ\u00e9e p\u00e9dagogique d\u00e8s la rentr\u00e9e 2020. Vous pourrez, lors de cette journ\u00e9e, valider votre DIF d\u00e9finitivement apr\u00e8s une pr\u00e9sentation sur papier de 3 plans de s\u00e9ances et une pr\u00e9sentation avec les autres stagiaires d&rsquo;un temps en situation p\u00e9dagogique choisi par le jury pr\u00e9sent. La calendrier est en cours et la date vous sera tr\u00e8s rapidement communiqu\u00e9e.<\/p>\n<p>Pour les personnes non-valid\u00e9(e)s sur la formation DIF en ligne, vous pouvez, d&rsquo;ores et d\u00e9j\u00e0, contacter la Ligue et un report sera possible sur la saison 2020\/2021.<\/p>\n<p>A noter pour rappel, que pour tout ouverture de club, La ligue propose une aide financi\u00e8re. N&rsquo;h\u00e9sitez pas \u00e0 nous contacter.<\/p>\n<p><strong>Les stagiaires valid\u00e9(e)s sur la formation en ligne sont:<\/strong><\/p>\n<ul>\n<li>AULAGNE Dominique<\/li>\n<li>BARON David<\/li>\n<li>BERGA El-Joune\u00efd<\/li>\n<li>CASSAC Florent<\/li>\n<li>CHAUVEAU Beno\u00eet<\/li>\n<li>DALLA VIA St\u00e9phane<\/li>\n<li>FATH Fiona<\/li>\n<li>FOURAGE Ga\u00ebl<\/li>\n<li>GADIOT Alexis<\/li>\n<li>GARNIER St\u00e9phanie<\/li>\n<li>GIRARD David<\/li>\n<li>GRANDIERES Laura<\/li>\n<li>HADDAD Na\u00ebl<\/li>\n<li>HAMONIC Philippe<\/li>\n<li>HOREL Franck<\/li>\n<li>KAISER Nicolas<\/li>\n<li>KARIM Amine<\/li>\n<li>KONLAC NGOUFFO Alain<\/li>\n<li>LEFEBVRE Mathieu<\/li>\n<li>LEGRAND Emmanuel<\/li>\n<li>MALLET Mathieu<\/li>\n<li>MINGOT Reinald<\/li>\n<li>NOEL Michel<\/li>\n<li>SOTOLONGO SANTANA Yosvany<\/li>\n<li>TEBAI Hamid<\/li>\n<li>TOUNSI Abdelkader<\/li>\n<li>TOUZOT Laurent<\/li>\n<li>VINEL Adrien<\/li>\n<li>VITAL Brandon<\/li>\n<li>VITAL Brice<\/li>\n<li>WYBO Rudy<\/li>\n<\/ul>\n<p>&nbsp;[\/vc_column_text][\/vc_column][\/vc_row]<\/p>\n<\/div>","protected":false},"excerpt":{"rendered":"<p>[vc_row][vc_column][vc_column_text]Malgr\u00e9 la crise sanitaire, L&rsquo;\u00e9cole des cadres de la Ligue R\u00e9gionale des Pays de la Loire a continu\u00e9 le programme f\u00e9d\u00e9ral en visioconf\u00e9rence. Vous trouverez dans le tableau ci-dessous la liste des personnes admises \u00e0 la formation en ligne DIF 2020. Nous f\u00e9licitons l&rsquo;ensemble des admis pour leur participation et leur implication dans ce nouveau [&hellip;]<\/p>\n","protected":false},"author":132,"featured_media":6033,"comment_status":"closed","ping_status":"closed","sticky":false,"template":"","format":"standard","meta":{"footnotes":""},"categories":[1],"tags":[],"class_list":["post-6253","post","type-post","status-publish","format-standard","hentry","category-non-classe"],"_links":{"self":[{"href":"https:\/\/sites.ffkarate.fr\/paysdelaloire\/wp-json\/wp\/v2\/posts\/6253","targetHints":{"allow":["GET"]}}],"collection":[{"href":"https:\/\/sites.ffkarate.fr\/paysdelaloire\/wp-json\/wp\/v2\/posts"}],"about":[{"href":"https:\/\/sites.ffkarate.fr\/paysdelaloire\/wp-json\/wp\/v2\/types\/post"}],"author":[{"embeddable":true,"href":"https:\/\/sites.ffkarate.fr\/paysdelaloire\/wp-json\/wp\/v2\/users\/132"}],"replies":[{"embeddable":true,"href":"https:\/\/sites.ffkarate.fr\/paysdelaloire\/wp-json\/wp\/v2\/comments?post=6253"}],"version-history":[{"count":0,"href":"https:\/\/sites.ffkarate.fr\/paysdelaloire\/wp-json\/wp\/v2\/posts\/6253\/revisions"}],"wp:featuredmedia":[{"embeddable":true,"href":"https:\/\/sites.ffkarate.fr\/paysdelaloire\/wp-json\/wp\/v2\/media\/6033"}],"wp:attachment":[{"href":"https:\/\/sites.ffkarate.fr\/paysdelaloire\/wp-json\/wp\/v2\/media?parent=6253"}],"wp:term":[{"taxonomy":"category","embeddable":true,"href":"https:\/\/sites.ffkarate.fr\/paysdelaloire\/wp-json\/wp\/v2\/categories?post=6253"},{"taxonomy":"post_tag","embeddable":true,"href":"https:\/\/sites.ffkarate.fr\/paysdelaloire\/wp-json\/wp\/v2\/tags?post=6253"}],"curies":[{"name":"wp","href":"https:\/\/api.w.org\/{rel}","templated":true}]}}