{"id":6255,"date":"2020-06-23T14:10:10","date_gmt":"2020-06-23T12:10:10","guid":{"rendered":"https:\/\/sites.ffkarate.fr\/paysdelaloire\/?post_type=news&amp;p=6255"},"modified":"2020-06-23T14:10:10","modified_gmt":"2020-06-23T12:10:10","slug":"stage-haut-grades","status":"publish","type":"post","link":"https:\/\/sites.ffkarate.fr\/paysdelaloire\/2020\/06\/23\/stage-haut-grades\/","title":{"rendered":"Stage Haut-grad\u00e9s &#8211; 1 et 2 ao\u00fbt"},"content":{"rendered":"<div class=\"wpb-content-wrapper\"><p>[vc_row][vc_column][vc_column_text]<a href=\"https:\/\/sites.ffkarate.fr\/paysdelaloire\/wp-content\/uploads\/sites\/120\/2020\/06\/STAGE-HG-ETE20201.jpg\"><img decoding=\"async\" class=\"aligncenter wp-image-6258 size-full\" src=\"https:\/\/sites.ffkarate.fr\/paysdelaloire\/wp-content\/uploads\/sites\/120\/2020\/06\/STAGE-HG-ETE20201.jpg\" alt=\"\" width=\"596\" height=\"842\" \/><\/a><\/p>\n<p>Nous sommes heureux de vous annoncer le stage Haut-grad\u00e9s de la Ligue des Pays de La Loire qui aura lieu du 1 au 2 ao\u00fbt prochain \ud83d\ude04<\/p>\n<p>L&rsquo;occasion de se retrouver ensemble autour de nos hauts grad\u00e9s r\u00e9gionaux \ud83d\ude47\u200d\u2642\ufe0f et pour 10 heures de pratiques en deux jours \ud83e\udd4b :<\/p>\n<p>&#8211; Eiji Kawanishi, expert japonais &amp; f\u00e9d\u00e9ral, 8\u00e8me DAN (44)<br \/>\n&#8211; Philippe L&rsquo;hommeau, 8\u00e8me DAN (72)<br \/>\n&#8211; Alain Le Viavant, 7\u00e8me DAN (44)<br \/>\n&#8211; Patrick Cherkit, 6\u00e8me DAN (49)<br \/>\n&#8211; Christophe Vinouze, 6\u00e8me DANG Arts martiaux vietnamiens (49)<br \/>\n&#8211; Guy Tillard, 6\u00e8me DAN (85)<\/p>\n<p>Ouvert aux pratiquants adultes uniquement (+18 ans), le stage vous est offert par la Ligue.<\/p>\n<p>Rendez vous \u00e0 Saint-Nazaire dans le cadre magnifique de la Villa Nelly. \ud83e\udd17<\/p>\n<p>Possibilit\u00e9 de dormir sur place d\u00e8s le vendredi soir gratuitement. La ligue se chargera de la restauration.<\/p>\n<p>Nous vous donnerons le programme tr\u00e8s prochainement. Restez connect\u00e9 \ud83d\udcf2 et r\u00e9servez d\u00e9j\u00e0 votre week-end de pratique \ud83e\udd4b<\/p>\n<p>#karate #karate2021 #liguekaratepaysdelaloire #paysdelaloire #stageete #stage #kawanishi #lhommeau #leviavant #cherkit #vinouze #tillard #saintnazaire #karatetokyo2021 #ffkarate #ligue #villanelly<br \/>\n\u2013 chanceux, \u00e0 Saint-Nazaire.<\/p>\n<p><a href=\"https:\/\/sites.ffkarate.fr\/paysdelaloire\/wp-content\/uploads\/sites\/120\/2020\/06\/STAGE-HG-ETE2020-22.jpg\"><img decoding=\"async\" class=\"aligncenter wp-image-6267 size-large\" src=\"https:\/\/sites.ffkarate.fr\/paysdelaloire\/wp-content\/uploads\/sites\/120\/2020\/06\/STAGE-HG-ETE2020-22-724x1024.jpg\" alt=\"STAGE-HG-ETE2020-2\" width=\"640\" height=\"905\" \/><\/a>[\/vc_column_text][\/vc_column][\/vc_row]<\/p>\n<\/div>","protected":false},"excerpt":{"rendered":"<p>[vc_row][vc_column][vc_column_text] Nous sommes heureux de vous annoncer le stage Haut-grad\u00e9s de la Ligue des Pays de La Loire qui aura lieu du 1 au 2 ao\u00fbt prochain \ud83d\ude04 L&rsquo;occasion de se retrouver ensemble autour de nos hauts grad\u00e9s r\u00e9gionaux \ud83d\ude47\u200d\u2642\ufe0f et pour 10 heures de pratiques en deux jours \ud83e\udd4b : &#8211; Eiji Kawanishi, expert [&hellip;]<\/p>\n","protected":false},"author":132,"featured_media":6258,"comment_status":"closed","ping_status":"closed","sticky":false,"template":"","format":"standard","meta":{"footnotes":""},"categories":[1],"tags":[],"class_list":["post-6255","post","type-post","status-publish","format-standard","hentry","category-non-classe"],"_links":{"self":[{"href":"https:\/\/sites.ffkarate.fr\/paysdelaloire\/wp-json\/wp\/v2\/posts\/6255","targetHints":{"allow":["GET"]}}],"collection":[{"href":"https:\/\/sites.ffkarate.fr\/paysdelaloire\/wp-json\/wp\/v2\/posts"}],"about":[{"href":"https:\/\/sites.ffkarate.fr\/paysdelaloire\/wp-json\/wp\/v2\/types\/post"}],"author":[{"embeddable":true,"href":"https:\/\/sites.ffkarate.fr\/paysdelaloire\/wp-json\/wp\/v2\/users\/132"}],"replies":[{"embeddable":true,"href":"https:\/\/sites.ffkarate.fr\/paysdelaloire\/wp-json\/wp\/v2\/comments?post=6255"}],"version-history":[{"count":0,"href":"https:\/\/sites.ffkarate.fr\/paysdelaloire\/wp-json\/wp\/v2\/posts\/6255\/revisions"}],"wp:featuredmedia":[{"embeddable":true,"href":"https:\/\/sites.ffkarate.fr\/paysdelaloire\/wp-json\/wp\/v2\/media\/6258"}],"wp:attachment":[{"href":"https:\/\/sites.ffkarate.fr\/paysdelaloire\/wp-json\/wp\/v2\/media?parent=6255"}],"wp:term":[{"taxonomy":"category","embeddable":true,"href":"https:\/\/sites.ffkarate.fr\/paysdelaloire\/wp-json\/wp\/v2\/categories?post=6255"},{"taxonomy":"post_tag","embeddable":true,"href":"https:\/\/sites.ffkarate.fr\/paysdelaloire\/wp-json\/wp\/v2\/tags?post=6255"}],"curies":[{"name":"wp","href":"https:\/\/api.w.org\/{rel}","templated":true}]}}