{"id":6377,"date":"2020-09-18T14:10:35","date_gmt":"2020-09-18T12:10:35","guid":{"rendered":"https:\/\/sites.ffkarate.fr\/paysdelaloire\/?post_type=news&amp;p=6377"},"modified":"2020-09-18T14:10:35","modified_gmt":"2020-09-18T12:10:35","slug":"sur-convocation-du-responsable-regional-darbitrage-stage-regional-darbitrage","status":"publish","type":"post","link":"https:\/\/sites.ffkarate.fr\/paysdelaloire\/2020\/09\/18\/sur-convocation-du-responsable-regional-darbitrage-stage-regional-darbitrage\/","title":{"rendered":"SUR CONVOCATION DU RESPONSABLE R\u00c9GIONAL D\u2019ARBITRAGE &#8211; STAGE R\u00c9GIONAL D\u2019ARBITRAGE"},"content":{"rendered":"<div class=\"wpb-content-wrapper\"><p>[vc_row][vc_column][vc_column_text]Voici les informations et l&rsquo;affiche du prochain stage d&rsquo;arbitrage<\/p>\n<ul>\n<li><strong>Le matin de 10h \u00e0 12h &#8211; Th\u00e9orie<\/strong>\n<p>En tenue officielle &#8211; Pr\u00e9voir un support papier et un crayon pour prendre des notes.<\/li>\n<li><strong>L\u2019apr\u00e8s-midi de 14h00 \u00e0 16h00 &#8211; Pratique<\/strong>\n<p>En Keikogi<\/li>\n<\/ul>\n<p>Pr\u00e9voyez votre pique-nique ainsi que votre bouteille d\u2019eau<\/p>\n<p><span style=\"color: #ff0000\"><strong>En raison du protocole sanitaire,\u00a0 ne peuvent \u00eatre pr\u00e9sents que les personnes convoqu\u00e9es. Merci pour votre compr\u00e9hension<\/strong><\/span><\/p>\n<p>MASQUE OBLIGATOIRE + PREVOIR SON GEL HYDROALCOOLIQUE PERSONNEL<\/p>\n<p>MERCI DE RESPECTER LES GESTES BARRI\u00c8RES POUR LA PROTECTION DE TOUS.<\/p>\n<p>&nbsp;<\/p>\n<p><a href=\"https:\/\/sites.ffkarate.fr\/paysdelaloire\/wp-content\/uploads\/sites\/120\/2020\/09\/Affiche_stage_karate.jpg\"><img decoding=\"async\" class=\"aligncenter size-full wp-image-6380\" src=\"https:\/\/sites.ffkarate.fr\/paysdelaloire\/wp-content\/uploads\/sites\/120\/2020\/09\/Affiche_stage_karate.jpg\" alt=\"Affiche_stage_karate\" width=\"596\" height=\"842\" \/><\/a> <a href=\"https:\/\/sites.ffkarate.fr\/paysdelaloire\/wp-content\/uploads\/sites\/120\/2020\/09\/Affiche_stage_karate2.jpg\"><img decoding=\"async\" class=\"aligncenter size-full wp-image-6379\" src=\"https:\/\/sites.ffkarate.fr\/paysdelaloire\/wp-content\/uploads\/sites\/120\/2020\/09\/Affiche_stage_karate2.jpg\" alt=\"Affiche_stage_karate2\" width=\"596\" height=\"842\" \/><\/a>[\/vc_column_text][\/vc_column][\/vc_row]<\/p>\n<\/div>","protected":false},"excerpt":{"rendered":"<p>[vc_row][vc_column][vc_column_text]Voici les informations et l&rsquo;affiche du prochain stage d&rsquo;arbitrage Le matin de 10h \u00e0 12h &#8211; Th\u00e9orie En tenue officielle &#8211; Pr\u00e9voir un support papier et un crayon pour prendre des notes. L\u2019apr\u00e8s-midi de 14h00 \u00e0 16h00 &#8211; Pratique En Keikogi Pr\u00e9voyez votre pique-nique ainsi que votre bouteille d\u2019eau En raison du protocole sanitaire,\u00a0 ne [&hellip;]<\/p>\n","protected":false},"author":132,"featured_media":6380,"comment_status":"closed","ping_status":"closed","sticky":false,"template":"","format":"standard","meta":{"footnotes":""},"categories":[1],"tags":[],"class_list":["post-6377","post","type-post","status-publish","format-standard","hentry","category-non-classe"],"_links":{"self":[{"href":"https:\/\/sites.ffkarate.fr\/paysdelaloire\/wp-json\/wp\/v2\/posts\/6377","targetHints":{"allow":["GET"]}}],"collection":[{"href":"https:\/\/sites.ffkarate.fr\/paysdelaloire\/wp-json\/wp\/v2\/posts"}],"about":[{"href":"https:\/\/sites.ffkarate.fr\/paysdelaloire\/wp-json\/wp\/v2\/types\/post"}],"author":[{"embeddable":true,"href":"https:\/\/sites.ffkarate.fr\/paysdelaloire\/wp-json\/wp\/v2\/users\/132"}],"replies":[{"embeddable":true,"href":"https:\/\/sites.ffkarate.fr\/paysdelaloire\/wp-json\/wp\/v2\/comments?post=6377"}],"version-history":[{"count":0,"href":"https:\/\/sites.ffkarate.fr\/paysdelaloire\/wp-json\/wp\/v2\/posts\/6377\/revisions"}],"wp:featuredmedia":[{"embeddable":true,"href":"https:\/\/sites.ffkarate.fr\/paysdelaloire\/wp-json\/wp\/v2\/media\/6380"}],"wp:attachment":[{"href":"https:\/\/sites.ffkarate.fr\/paysdelaloire\/wp-json\/wp\/v2\/media?parent=6377"}],"wp:term":[{"taxonomy":"category","embeddable":true,"href":"https:\/\/sites.ffkarate.fr\/paysdelaloire\/wp-json\/wp\/v2\/categories?post=6377"},{"taxonomy":"post_tag","embeddable":true,"href":"https:\/\/sites.ffkarate.fr\/paysdelaloire\/wp-json\/wp\/v2\/tags?post=6377"}],"curies":[{"name":"wp","href":"https:\/\/api.w.org\/{rel}","templated":true}]}}