{"id":6390,"date":"2020-09-28T12:45:33","date_gmt":"2020-09-28T10:45:33","guid":{"rendered":"https:\/\/sites.ffkarate.fr\/paysdelaloire\/?post_type=news&amp;p=6390"},"modified":"2020-09-28T12:45:33","modified_gmt":"2020-09-28T10:45:33","slug":"assemblee-generale-ordinaire-comite-directeur","status":"publish","type":"post","link":"https:\/\/sites.ffkarate.fr\/paysdelaloire\/2020\/09\/28\/assemblee-generale-ordinaire-comite-directeur\/","title":{"rendered":"Assembl\u00e9e g\u00e9n\u00e9rale ordinaire &amp; Comit\u00e9 Directeur"},"content":{"rendered":"<div class=\"wpb-content-wrapper\"><p>[vc_row][vc_column][vc_column_text]<\/p>\n<div class=\"kvgmc6g5 cxmmr5t8 oygrvhab hcukyx3x c1et5uql ii04i59q\">\n<div dir=\"auto\">Hier \u00e0 Chemill\u00e9, avaient lieu le comit\u00e9 directeur suivi de l&rsquo;assembl\u00e9e g\u00e9n\u00e9rale ordinaire.<\/div>\n<div dir=\"auto\"><\/div>\n<\/div>\n<div class=\"o9v6fnle cxmmr5t8 oygrvhab hcukyx3x c1et5uql ii04i59q\">\n<div dir=\"auto\">Toutes les mesures de distanciation ont \u00e9t\u00e9 respect\u00e9es gr\u00e2ce notamment \u00e0 la grande salle mise \u00e0 disposition par la ville de Chemill\u00e9.<\/div>\n<div dir=\"auto\"><\/div>\n<\/div>\n<div class=\"o9v6fnle cxmmr5t8 oygrvhab hcukyx3x c1et5uql ii04i59q\">\n<div dir=\"auto\">Le pr\u00e9sident actuel Franck Valenti a annonc\u00e9 qu&rsquo;il ne se repr\u00e9sentait pas pour la prochaine olympiade. Une nouvelle \u00e9quipe sera mise en place \u00e0 partir du 17 octobre prochain lors de l&rsquo;assembl\u00e9e g\u00e9n\u00e9rale \u00e9lective qui aura lieu au m\u00eame endroit.<\/div>\n<div dir=\"auto\"><\/div>\n<\/div>\n<div class=\"o9v6fnle cxmmr5t8 oygrvhab hcukyx3x c1et5uql ii04i59q\">\n<div dir=\"auto\">M. Valenti remercie l&rsquo;ensemble des \u00e9lus, des techniciens et des b\u00e9n\u00e9voles qui l&rsquo;ont accompagn\u00e9 lors de ses 6 ans.<\/div>\n<div dir=\"auto\"><\/div>\n<\/div>\n<div class=\"o9v6fnle cxmmr5t8 oygrvhab hcukyx3x c1et5uql ii04i59q\">\n<div dir=\"auto\"><a class=\"oajrlxb2 g5ia77u1 qu0x051f esr5mh6w e9989ue4 r7d6kgcz rq0escxv nhd2j8a9 nc684nl6 p7hjln8o kvgmc6g5 cxmmr5t8 oygrvhab hcukyx3x jb3vyjys rz4wbd8a qt6c0cv9 a8nywdso i1ao9s8h esuyzwwr f1sip0of lzcic4wl q66pz984 gpro0wi8 b1v8xokw\" href=\"https:\/\/www.facebook.com\/hashtag\/karate?__eep__=6&amp;__cft__[0]=AZUHd4SR5NogNJrNFkDt7dovwIIGeQgyOvQqpNgo-saTSOIkMiqlk-fF_R1tYRPsPD-Wm2fJC0O6Gn6fnD8kYy5Kg3ayt_WU9_dqhM1KgAS-71l2J_1zT3yXi_gozMWJ3EyC8Aa7RwXq4UZTuN70oZaGkzxeAzOETGwOn2MBcJA1Lw&amp;__tn__=*NK-R\" target=\"_blank\" rel=\"noopener\">#karate<\/a>\u00a0<a class=\"oajrlxb2 g5ia77u1 qu0x051f esr5mh6w e9989ue4 r7d6kgcz rq0escxv nhd2j8a9 nc684nl6 p7hjln8o kvgmc6g5 cxmmr5t8 oygrvhab hcukyx3x jb3vyjys rz4wbd8a qt6c0cv9 a8nywdso i1ao9s8h esuyzwwr f1sip0of lzcic4wl q66pz984 gpro0wi8 b1v8xokw\" href=\"https:\/\/www.facebook.com\/hashtag\/liguepaysdelaloire?__eep__=6&amp;__cft__[0]=AZUHd4SR5NogNJrNFkDt7dovwIIGeQgyOvQqpNgo-saTSOIkMiqlk-fF_R1tYRPsPD-Wm2fJC0O6Gn6fnD8kYy5Kg3ayt_WU9_dqhM1KgAS-71l2J_1zT3yXi_gozMWJ3EyC8Aa7RwXq4UZTuN70oZaGkzxeAzOETGwOn2MBcJA1Lw&amp;__tn__=*NK-R\" target=\"_blank\" rel=\"noopener\">#liguepaysdelaloire<\/a><\/div>\n<div dir=\"auto\"><\/div>\n<\/div>\n<div dir=\"auto\"><a href=\"https:\/\/sites.ffkarate.fr\/paysdelaloire\/wp-content\/uploads\/sites\/120\/2020\/09\/20200927_135842.jpg\"><img decoding=\"async\" class=\"aligncenter size-full wp-image-6391\" src=\"https:\/\/sites.ffkarate.fr\/paysdelaloire\/wp-content\/uploads\/sites\/120\/2020\/09\/20200927_135842.jpg\" alt=\"20200927_135842\" width=\"1440\" height=\"1080\" \/><\/a><\/div>\n<p>[\/vc_column_text][\/vc_column][\/vc_row]<\/p>\n<\/div>","protected":false},"excerpt":{"rendered":"<p>[vc_row][vc_column][vc_column_text] Hier \u00e0 Chemill\u00e9, avaient lieu le comit\u00e9 directeur suivi de l&rsquo;assembl\u00e9e g\u00e9n\u00e9rale ordinaire. Toutes les mesures de distanciation ont \u00e9t\u00e9 respect\u00e9es gr\u00e2ce notamment \u00e0 la grande salle mise \u00e0 disposition par la ville de Chemill\u00e9. Le pr\u00e9sident actuel Franck Valenti a annonc\u00e9 qu&rsquo;il ne se repr\u00e9sentait pas pour la prochaine olympiade. Une nouvelle \u00e9quipe [&hellip;]<\/p>\n","protected":false},"author":132,"featured_media":6391,"comment_status":"closed","ping_status":"closed","sticky":false,"template":"","format":"standard","meta":{"footnotes":""},"categories":[1],"tags":[],"class_list":["post-6390","post","type-post","status-publish","format-standard","hentry","category-non-classe"],"_links":{"self":[{"href":"https:\/\/sites.ffkarate.fr\/paysdelaloire\/wp-json\/wp\/v2\/posts\/6390","targetHints":{"allow":["GET"]}}],"collection":[{"href":"https:\/\/sites.ffkarate.fr\/paysdelaloire\/wp-json\/wp\/v2\/posts"}],"about":[{"href":"https:\/\/sites.ffkarate.fr\/paysdelaloire\/wp-json\/wp\/v2\/types\/post"}],"author":[{"embeddable":true,"href":"https:\/\/sites.ffkarate.fr\/paysdelaloire\/wp-json\/wp\/v2\/users\/132"}],"replies":[{"embeddable":true,"href":"https:\/\/sites.ffkarate.fr\/paysdelaloire\/wp-json\/wp\/v2\/comments?post=6390"}],"version-history":[{"count":0,"href":"https:\/\/sites.ffkarate.fr\/paysdelaloire\/wp-json\/wp\/v2\/posts\/6390\/revisions"}],"wp:featuredmedia":[{"embeddable":true,"href":"https:\/\/sites.ffkarate.fr\/paysdelaloire\/wp-json\/wp\/v2\/media\/6391"}],"wp:attachment":[{"href":"https:\/\/sites.ffkarate.fr\/paysdelaloire\/wp-json\/wp\/v2\/media?parent=6390"}],"wp:term":[{"taxonomy":"category","embeddable":true,"href":"https:\/\/sites.ffkarate.fr\/paysdelaloire\/wp-json\/wp\/v2\/categories?post=6390"},{"taxonomy":"post_tag","embeddable":true,"href":"https:\/\/sites.ffkarate.fr\/paysdelaloire\/wp-json\/wp\/v2\/tags?post=6390"}],"curies":[{"name":"wp","href":"https:\/\/api.w.org\/{rel}","templated":true}]}}