{"id":6406,"date":"2020-10-20T14:44:54","date_gmt":"2020-10-20T12:44:54","guid":{"rendered":"https:\/\/sites.ffkarate.fr\/paysdelaloire\/?post_type=news&amp;p=6406"},"modified":"2020-10-20T14:44:54","modified_gmt":"2020-10-20T12:44:54","slug":"changement-de-presidence","status":"publish","type":"post","link":"https:\/\/sites.ffkarate.fr\/paysdelaloire\/2020\/10\/20\/changement-de-presidence\/","title":{"rendered":"Changement de pr\u00e9sidence"},"content":{"rendered":"<div class=\"wpb-content-wrapper\"><p>[vc_row][vc_column][vc_column_text]<\/p>\n<div class=\"o9v6fnle cxmmr5t8 oygrvhab hcukyx3x c1et5uql ii04i59q\">\n<div dir=\"auto\" style=\"text-align: left\">Suite \u00e0 l\u2019assembl\u00e9e g\u00e9n\u00e9rale \u00e9lective de la ligue du 17 octobre 2020, une nouvelle \u00e9quipe s\u2019est mise en place sous l\u2019\u00e9gide de Monsieur Pierre \u2013 Monique ADJANONHOUN, nouveau Pr\u00e9sident .<a href=\"https:\/\/sites.ffkarate.fr\/paysdelaloire\/wp-content\/uploads\/sites\/120\/2020\/10\/Election-Pierre-Monique-e1603723344694.jpg\"><img decoding=\"async\" class=\"  wp-image-6407 alignright\" src=\"https:\/\/sites.ffkarate.fr\/paysdelaloire\/wp-content\/uploads\/sites\/120\/2020\/10\/Election-Pierre-Monique-e1603723344694.jpg\" alt=\"Election Pierre-Monique\" width=\"388\" height=\"516\" \/><\/a><\/div>\n<div dir=\"auto\">14 candidats ont \u00e9t\u00e9 \u00e9lus.<\/div>\n<\/div>\n<div class=\"o9v6fnle cxmmr5t8 oygrvhab hcukyx3x c1et5uql ii04i59q\">\n<div dir=\"auto\">Monsieur ADJANONHOUN Pierre-Monique : Pr\u00e9sident<\/div>\n<div dir=\"auto\">Madame CANTIN Sophie, secr\u00e9taire<\/div>\n<div dir=\"auto\">Madame DAVY Nad\u00e8ge, secr\u00e9taire adjointe<\/div>\n<div dir=\"auto\">Monsieur LOIRAT Philippe, tr\u00e9sorier<\/div>\n<div dir=\"auto\">Madame HEURTAULT Le\u00efla, tr\u00e9sorier adjoint<\/div>\n<\/div>\n<div class=\"o9v6fnle cxmmr5t8 oygrvhab hcukyx3x c1et5uql ii04i59q\">\n<div dir=\"auto\">Madame DECHENE Sandrine, repr\u00e9sentante disciplines associ\u00e9es<\/div>\n<div dir=\"auto\">Monsieur FLUTEAUX Nicolas<\/div>\n<div dir=\"auto\">Monsieur GOULLET Antoine<\/div>\n<div dir=\"auto\">Monsieur HILARION Denis<\/div>\n<div dir=\"auto\">Monsieur KAHLOUL Hamza<\/div>\n<div dir=\"auto\">Monsieur LECOMTE Boris<\/div>\n<div dir=\"auto\">Madame LELANT H\u00e9l\u00e8ne<\/div>\n<div dir=\"auto\">Monsieur MOREAU Didier<\/div>\n<div dir=\"auto\">Monsieur PACAUD Jean Christophe<\/div>\n<\/div>\n<div class=\"o9v6fnle cxmmr5t8 oygrvhab hcukyx3x c1et5uql ii04i59q\">\n<div dir=\"auto\">Apr\u00e8s avoir remerci\u00e9 les anciens membres de la ligue pour le travail effectu\u00e9, le pr\u00e9sident s\u2019est dit motiv\u00e9 par ce nouveau challenge, esp\u00e9rant, avec sa nouvelle \u00e9quipe, pouvoir apporter, des id\u00e9es et projets int\u00e9ressants et innovants.<\/div>\n<div dir=\"auto\">Nous vous informons que des modifications du calendrier de Ligue pourraient se produire d\u2019ici \u00e0 la fin de l\u2019ann\u00e9e 2020.<\/div>\n<\/div>\n<p>&nbsp;[\/vc_column_text][\/vc_column][\/vc_row]<\/p>\n<\/div>","protected":false},"excerpt":{"rendered":"<p>[vc_row][vc_column][vc_column_text] Suite \u00e0 l\u2019assembl\u00e9e g\u00e9n\u00e9rale \u00e9lective de la ligue du 17 octobre 2020, une nouvelle \u00e9quipe s\u2019est mise en place sous l\u2019\u00e9gide de Monsieur Pierre \u2013 Monique ADJANONHOUN, nouveau Pr\u00e9sident . 14 candidats ont \u00e9t\u00e9 \u00e9lus. Monsieur ADJANONHOUN Pierre-Monique : Pr\u00e9sident Madame CANTIN Sophie, secr\u00e9taire Madame DAVY Nad\u00e8ge, secr\u00e9taire adjointe Monsieur LOIRAT Philippe, tr\u00e9sorier Madame [&hellip;]<\/p>\n","protected":false},"author":132,"featured_media":6407,"comment_status":"closed","ping_status":"closed","sticky":false,"template":"","format":"standard","meta":{"footnotes":""},"categories":[1],"tags":[],"class_list":["post-6406","post","type-post","status-publish","format-standard","hentry","category-non-classe"],"_links":{"self":[{"href":"https:\/\/sites.ffkarate.fr\/paysdelaloire\/wp-json\/wp\/v2\/posts\/6406","targetHints":{"allow":["GET"]}}],"collection":[{"href":"https:\/\/sites.ffkarate.fr\/paysdelaloire\/wp-json\/wp\/v2\/posts"}],"about":[{"href":"https:\/\/sites.ffkarate.fr\/paysdelaloire\/wp-json\/wp\/v2\/types\/post"}],"author":[{"embeddable":true,"href":"https:\/\/sites.ffkarate.fr\/paysdelaloire\/wp-json\/wp\/v2\/users\/132"}],"replies":[{"embeddable":true,"href":"https:\/\/sites.ffkarate.fr\/paysdelaloire\/wp-json\/wp\/v2\/comments?post=6406"}],"version-history":[{"count":0,"href":"https:\/\/sites.ffkarate.fr\/paysdelaloire\/wp-json\/wp\/v2\/posts\/6406\/revisions"}],"wp:featuredmedia":[{"embeddable":true,"href":"https:\/\/sites.ffkarate.fr\/paysdelaloire\/wp-json\/wp\/v2\/media\/6407"}],"wp:attachment":[{"href":"https:\/\/sites.ffkarate.fr\/paysdelaloire\/wp-json\/wp\/v2\/media?parent=6406"}],"wp:term":[{"taxonomy":"category","embeddable":true,"href":"https:\/\/sites.ffkarate.fr\/paysdelaloire\/wp-json\/wp\/v2\/categories?post=6406"},{"taxonomy":"post_tag","embeddable":true,"href":"https:\/\/sites.ffkarate.fr\/paysdelaloire\/wp-json\/wp\/v2\/tags?post=6406"}],"curies":[{"name":"wp","href":"https:\/\/api.w.org\/{rel}","templated":true}]}}