{"id":6411,"date":"2020-10-26T15:27:18","date_gmt":"2020-10-26T14:27:18","guid":{"rendered":"https:\/\/sites.ffkarate.fr\/paysdelaloire\/?post_type=news&amp;p=6411"},"modified":"2020-10-26T15:27:18","modified_gmt":"2020-10-26T14:27:18","slug":"open-adidas-resultats","status":"publish","type":"post","link":"https:\/\/sites.ffkarate.fr\/paysdelaloire\/2020\/10\/26\/open-adidas-resultats\/","title":{"rendered":"Open Adidas \/ R\u00e9sultats"},"content":{"rendered":"<div class=\"wpb-content-wrapper\"><p>[vc_row][vc_column][vc_column_text]Du 17 au 18 octobre, s\u2019est tenue \u00e0 Villebon-sur-Yvette \u00a0(91), la premi\u00e8re comp\u00e9tition nationale de l\u2019ann\u00e9e. Sur cet Open Adidas, les karat\u00e9kas de la ligue Pays-de-la-Loire ont brill\u00e9.<br \/>\nPhoto : F.F<!--more--><\/p>\n<p>R\u00e9sultats\u00a0:<\/p>\n<p>1<sup>er<\/sup>\u00a0:<\/p>\n<ul>\n<li>LIVET EVA (Minime +55kg) SAMOURAI 2000<\/li>\n<li>KERNEUR MATHIAS (Cadet -57kg) CENT ETUDES KARATE SAINT NAZAIRE<\/li>\n<\/ul>\n<p>2<sup>\u00e8me<\/sup>\u00a0:<\/p>\n<ul>\n<li>VIELLE SASHA (Minime -45kg) ECOLE LUCONNAISE DE KARATE<\/li>\n<li>RIGEADE LAURA MOON (Minime +55kg) KARATE CLUB DE CHANTONNAY<\/li>\n<li>COCHARD MARYLOU (Cadet -47kg) FONTENAY KARATE SHOTOKAN<\/li>\n<li>DUVAL MARGAUX (Junior -53kg) SAMOURAI 2000<\/li>\n<li>BRARD CLOTILDE (Junior -59kg) ECOLE LUCONNAISE DE KARATE<\/li>\n<li>LOZANO YANIS (Junior -55kg) FONTENAY KARATE SHOTOKAN<\/li>\n<li>PEMARTIN THOMAS (Junior -68kg) SAMOURAI 2000<\/li>\n<li>GARNIER NATHAN (Senior -67kg) SAMOURAI 2000<\/li>\n<\/ul>\n<p>3<sup>\u00e8me\u00a0<\/sup>:<\/p>\n<ul>\n<li>COCHARD LOLA (Minime -45kg) FONTENAY KARATE SHOTOKAN<\/li>\n<li>SOULTYKHANOV AMNAT (Minime -50kg) SAMOURAI 2000<\/li>\n<li>L HYVER MARGOT (Cadet +60kg) SAMOURAI 2000<\/li>\n<li>GANIERO OCEANNE (S\u00e9nior -55kg) SAMOURAI 2000<\/li>\n<li>HEURTAULT LEILA (S\u00e9nior -61kg) SAMOURAI 2000<\/li>\n<li>BAHL LOU-ANN (S\u00e9nior -68kg) KARATE CLUB DE CHANTONNAY<\/li>\n<li><a href=\"https:\/\/sites.ffkarate.fr\/paysdelaloire\/wp-content\/uploads\/sites\/120\/2020\/10\/IMG-9517.jpg\"><img decoding=\"async\" class=\"aligncenter  wp-image-6413\" src=\"https:\/\/sites.ffkarate.fr\/paysdelaloire\/wp-content\/uploads\/sites\/120\/2020\/10\/IMG-9517.jpg\" alt=\"Open Adidas\" width=\"666\" height=\"501\" \/><\/a><\/li>\n<\/ul>\n<p>[\/vc_column_text][\/vc_column][\/vc_row]<\/p>\n<\/div>","protected":false},"excerpt":{"rendered":"<p>[vc_row][vc_column][vc_column_text]Du 17 au 18 octobre, s\u2019est tenue \u00e0 Villebon-sur-Yvette \u00a0(91), la premi\u00e8re comp\u00e9tition nationale de l\u2019ann\u00e9e. Sur cet Open Adidas, les karat\u00e9kas de la ligue Pays-de-la-Loire ont brill\u00e9. Photo : F.F<\/p>\n","protected":false},"author":132,"featured_media":6413,"comment_status":"closed","ping_status":"closed","sticky":false,"template":"","format":"standard","meta":{"footnotes":""},"categories":[1],"tags":[27,101,109],"class_list":["post-6411","post","type-post","status-publish","format-standard","hentry","category-non-classe","tag-karate","tag-open-adidas","tag-resultats"],"_links":{"self":[{"href":"https:\/\/sites.ffkarate.fr\/paysdelaloire\/wp-json\/wp\/v2\/posts\/6411","targetHints":{"allow":["GET"]}}],"collection":[{"href":"https:\/\/sites.ffkarate.fr\/paysdelaloire\/wp-json\/wp\/v2\/posts"}],"about":[{"href":"https:\/\/sites.ffkarate.fr\/paysdelaloire\/wp-json\/wp\/v2\/types\/post"}],"author":[{"embeddable":true,"href":"https:\/\/sites.ffkarate.fr\/paysdelaloire\/wp-json\/wp\/v2\/users\/132"}],"replies":[{"embeddable":true,"href":"https:\/\/sites.ffkarate.fr\/paysdelaloire\/wp-json\/wp\/v2\/comments?post=6411"}],"version-history":[{"count":0,"href":"https:\/\/sites.ffkarate.fr\/paysdelaloire\/wp-json\/wp\/v2\/posts\/6411\/revisions"}],"wp:featuredmedia":[{"embeddable":true,"href":"https:\/\/sites.ffkarate.fr\/paysdelaloire\/wp-json\/wp\/v2\/media\/6413"}],"wp:attachment":[{"href":"https:\/\/sites.ffkarate.fr\/paysdelaloire\/wp-json\/wp\/v2\/media?parent=6411"}],"wp:term":[{"taxonomy":"category","embeddable":true,"href":"https:\/\/sites.ffkarate.fr\/paysdelaloire\/wp-json\/wp\/v2\/categories?post=6411"},{"taxonomy":"post_tag","embeddable":true,"href":"https:\/\/sites.ffkarate.fr\/paysdelaloire\/wp-json\/wp\/v2\/tags?post=6411"}],"curies":[{"name":"wp","href":"https:\/\/api.w.org\/{rel}","templated":true}]}}