{"id":6473,"date":"2020-11-20T22:49:19","date_gmt":"2020-11-20T21:49:19","guid":{"rendered":"https:\/\/sites.ffkarate.fr\/paysdelaloire\/?post_type=news&amp;p=6473"},"modified":"2020-11-20T22:49:19","modified_gmt":"2020-11-20T21:49:19","slug":"entrainez-vous-avec-leila-heurtault","status":"publish","type":"post","link":"https:\/\/sites.ffkarate.fr\/paysdelaloire\/2020\/11\/20\/entrainez-vous-avec-leila-heurtault\/","title":{"rendered":"Entrainez vous avec Le\u00efla Heurtault"},"content":{"rendered":"<div class=\"wpb-content-wrapper\"><p>[vc_row][vc_column][vc_column_text]Notre championne du monde 2016 et 2018, vous proposera bient\u00f4t un entra\u00eenement kumite de haut rang.<a href=\"https:\/\/sites.ffkarate.fr\/paysdelaloire\/wp-content\/uploads\/sites\/120\/2020\/11\/Leila-heurtault.jpeg\"><img decoding=\"async\" class=\"  wp-image-6474 alignright\" src=\"https:\/\/sites.ffkarate.fr\/paysdelaloire\/wp-content\/uploads\/sites\/120\/2020\/11\/Leila-heurtault-270x300.jpeg\" alt=\"Leila heurtault\" width=\"350\" height=\"389\" \/><\/a><br \/>\nN5 mondial en -61kg et en course pour la qualification olympique, Le\u00efla vous proposera un entra\u00eenement sur les techniques de jambes \u00e0 utiliser lorsqu&rsquo;on est proche du jogga\u00ef (proche de la sortie) .<br \/>\nUne chance unique de partager son savoir.[\/vc_column_text][\/vc_column][\/vc_row]<\/p>\n<\/div>","protected":false},"excerpt":{"rendered":"<p>[vc_row][vc_column][vc_column_text]Notre championne du monde 2016 et 2018, vous proposera bient\u00f4t un entra\u00eenement kumite de haut rang. N5 mondial en -61kg et en course pour la qualification olympique, Le\u00efla vous proposera un entra\u00eenement sur les techniques de jambes \u00e0 utiliser lorsqu&rsquo;on est proche du jogga\u00ef (proche de la sortie) . Une chance unique de partager son [&hellip;]<\/p>\n","protected":false},"author":132,"featured_media":6474,"comment_status":"closed","ping_status":"closed","sticky":false,"template":"","format":"standard","meta":{"footnotes":""},"categories":[1],"tags":[],"class_list":["post-6473","post","type-post","status-publish","format-standard","hentry","category-non-classe"],"_links":{"self":[{"href":"https:\/\/sites.ffkarate.fr\/paysdelaloire\/wp-json\/wp\/v2\/posts\/6473","targetHints":{"allow":["GET"]}}],"collection":[{"href":"https:\/\/sites.ffkarate.fr\/paysdelaloire\/wp-json\/wp\/v2\/posts"}],"about":[{"href":"https:\/\/sites.ffkarate.fr\/paysdelaloire\/wp-json\/wp\/v2\/types\/post"}],"author":[{"embeddable":true,"href":"https:\/\/sites.ffkarate.fr\/paysdelaloire\/wp-json\/wp\/v2\/users\/132"}],"replies":[{"embeddable":true,"href":"https:\/\/sites.ffkarate.fr\/paysdelaloire\/wp-json\/wp\/v2\/comments?post=6473"}],"version-history":[{"count":0,"href":"https:\/\/sites.ffkarate.fr\/paysdelaloire\/wp-json\/wp\/v2\/posts\/6473\/revisions"}],"wp:featuredmedia":[{"embeddable":true,"href":"https:\/\/sites.ffkarate.fr\/paysdelaloire\/wp-json\/wp\/v2\/media\/6474"}],"wp:attachment":[{"href":"https:\/\/sites.ffkarate.fr\/paysdelaloire\/wp-json\/wp\/v2\/media?parent=6473"}],"wp:term":[{"taxonomy":"category","embeddable":true,"href":"https:\/\/sites.ffkarate.fr\/paysdelaloire\/wp-json\/wp\/v2\/categories?post=6473"},{"taxonomy":"post_tag","embeddable":true,"href":"https:\/\/sites.ffkarate.fr\/paysdelaloire\/wp-json\/wp\/v2\/tags?post=6473"}],"curies":[{"name":"wp","href":"https:\/\/api.w.org\/{rel}","templated":true}]}}