{"id":6485,"date":"2020-12-01T18:19:21","date_gmt":"2020-12-01T17:19:21","guid":{"rendered":"https:\/\/sites.ffkarate.fr\/paysdelaloire\/?post_type=news&amp;p=6485"},"modified":"2020-12-01T18:19:21","modified_gmt":"2020-12-01T17:19:21","slug":"ivan-couvin-nomme-responsable-regionale-des-grades","status":"publish","type":"post","link":"https:\/\/sites.ffkarate.fr\/paysdelaloire\/2020\/12\/01\/ivan-couvin-nomme-responsable-regionale-des-grades\/","title":{"rendered":"Ivan Couvin nomm\u00e9 Responsable R\u00e9gionale des Grades"},"content":{"rendered":"<div class=\"wpb-content-wrapper\"><p>[vc_row][vc_column][vc_column_text]<a href=\"https:\/\/sites.ffkarate.fr\/paysdelaloire\/wp-content\/uploads\/sites\/120\/2020\/12\/Ivan-Couvin1.jpeg\"><img decoding=\"async\" class=\"  wp-image-6487 alignright\" src=\"https:\/\/sites.ffkarate.fr\/paysdelaloire\/wp-content\/uploads\/sites\/120\/2020\/12\/Ivan-Couvin1-269x300.jpeg\" alt=\"Ivan Couvin\" width=\"291\" height=\"325\" \/><\/a>Ivan COUVIN, 7\u00e8 DAN, BEES1, r\u00e9cemment nomm\u00e9 par le Pr\u00e9sident de la\u00a0 CSDGE,\u00a0 Responsable R\u00e9gional\u00a0 des Grades, propose quelques objectifs \u00e0 d\u00e9velopper lors de sa mission :<\/p>\n<p>&gt; Les grades rev\u00eatent une importance certaine dans la vie d&rsquo;un karat\u00e9ka.<\/p>\n<p>&gt; Bien s&rsquo;y pr\u00e9parer, \u00e0 travers divers stages que nous pourrons proposer, permettra au plus grand nombre d&rsquo;arriver confiant et sans doute\u00a0 de valider son grade avec m\u00e9rite, redonnant ainsi toute sa valeur \u00e0 ces passages de ceintures.<\/p>\n<p>&gt; Divers UV pourront \u00eatre abord\u00e9es dans ces stages pr\u00e9paratoires. Nous y travaillerons avec le jury, avec qui je souhaite \u00eatre en coh\u00e9rence.<\/p>\n<p>&gt; De leur c\u00f4t\u00e9, les candidats doivent avoir conscience qu&rsquo;un grade repr\u00e9sente de l&rsquo;engagement, du travail , de la sueur et s&rsquo;obtient gr\u00e2ce au s\u00e9rieux de leur pratique.<\/p>\n<p>&gt; Ces objectifs atteints,\u00a0 ne rendront que plus r\u00e9els la valeur des grades.<\/p>\n<p>&nbsp;<\/p>\n<p>&nbsp;[\/vc_column_text][\/vc_column][\/vc_row]<\/p>\n<\/div>","protected":false},"excerpt":{"rendered":"<p>[vc_row][vc_column][vc_column_text]Ivan COUVIN, 7\u00e8 DAN, BEES1, r\u00e9cemment nomm\u00e9 par le Pr\u00e9sident de la\u00a0 CSDGE,\u00a0 Responsable R\u00e9gional\u00a0 des Grades, propose quelques objectifs \u00e0 d\u00e9velopper lors de sa mission : &gt; Les grades rev\u00eatent une importance certaine dans la vie d&rsquo;un karat\u00e9ka. &gt; Bien s&rsquo;y pr\u00e9parer, \u00e0 travers divers stages que nous pourrons proposer, permettra au plus grand [&hellip;]<\/p>\n","protected":false},"author":132,"featured_media":6487,"comment_status":"closed","ping_status":"closed","sticky":false,"template":"","format":"standard","meta":{"footnotes":""},"categories":[1],"tags":[],"class_list":["post-6485","post","type-post","status-publish","format-standard","hentry","category-non-classe"],"_links":{"self":[{"href":"https:\/\/sites.ffkarate.fr\/paysdelaloire\/wp-json\/wp\/v2\/posts\/6485","targetHints":{"allow":["GET"]}}],"collection":[{"href":"https:\/\/sites.ffkarate.fr\/paysdelaloire\/wp-json\/wp\/v2\/posts"}],"about":[{"href":"https:\/\/sites.ffkarate.fr\/paysdelaloire\/wp-json\/wp\/v2\/types\/post"}],"author":[{"embeddable":true,"href":"https:\/\/sites.ffkarate.fr\/paysdelaloire\/wp-json\/wp\/v2\/users\/132"}],"replies":[{"embeddable":true,"href":"https:\/\/sites.ffkarate.fr\/paysdelaloire\/wp-json\/wp\/v2\/comments?post=6485"}],"version-history":[{"count":0,"href":"https:\/\/sites.ffkarate.fr\/paysdelaloire\/wp-json\/wp\/v2\/posts\/6485\/revisions"}],"wp:featuredmedia":[{"embeddable":true,"href":"https:\/\/sites.ffkarate.fr\/paysdelaloire\/wp-json\/wp\/v2\/media\/6487"}],"wp:attachment":[{"href":"https:\/\/sites.ffkarate.fr\/paysdelaloire\/wp-json\/wp\/v2\/media?parent=6485"}],"wp:term":[{"taxonomy":"category","embeddable":true,"href":"https:\/\/sites.ffkarate.fr\/paysdelaloire\/wp-json\/wp\/v2\/categories?post=6485"},{"taxonomy":"post_tag","embeddable":true,"href":"https:\/\/sites.ffkarate.fr\/paysdelaloire\/wp-json\/wp\/v2\/tags?post=6485"}],"curies":[{"name":"wp","href":"https:\/\/api.w.org\/{rel}","templated":true}]}}