{"id":6492,"date":"2020-12-04T20:16:57","date_gmt":"2020-12-04T19:16:57","guid":{"rendered":"https:\/\/sites.ffkarate.fr\/paysdelaloire\/?post_type=news&amp;p=6492"},"modified":"2020-12-04T20:16:57","modified_gmt":"2020-12-04T19:16:57","slug":"stage-kumite-sur-zoom-avec-junior-lefevre","status":"publish","type":"post","link":"https:\/\/sites.ffkarate.fr\/paysdelaloire\/2020\/12\/04\/stage-kumite-sur-zoom-avec-junior-lefevre\/","title":{"rendered":"Stage kumite sur ZOOM avec Junior Lefevre"},"content":{"rendered":"<div class=\"wpb-content-wrapper\"><p>[vc_row][vc_column][vc_column_text]<\/p>\n<p style=\"text-align: justify\"><a href=\"https:\/\/sites.ffkarate.fr\/paysdelaloire\/wp-content\/uploads\/sites\/57\/2020\/12\/Stage-Junior-Lefevre.jpeg\"><img decoding=\"async\" class=\" size-medium wp-image-6493 alignright\" src=\"https:\/\/sites.ffkarate.fr\/paysdelaloire\/wp-content\/uploads\/sites\/57\/2020\/12\/Stage-Junior-Lefevre-300x251.jpeg\" alt=\"Stage Junior Lefevre\" width=\"300\" height=\"251\" \/><\/a> La Ligue de karat\u00e9 Pays de la Loire en partenariat avec le Club Esprit Martial vous invite \u00e0 participer le samedi 12 d\u00e9cembre : au stage de Junior Lefevre.<br \/>\nChampion du monde et entraineur international reconnu dans le monde entier, Junior Lefevre va vous apporter tout son savoir et sa technique lors de ce stage \u00e9v\u00e9nement.<br \/>\nLes identifiants et codes d&rsquo;acc\u00e8s au stage vous seront transmis par votre club.<\/p>\n<p style=\"text-align: justify\">La Ligue de karat\u00e9 Pays de la Loire compte sur ses adh\u00e9rents pour la repr\u00e9senter en nombre.<\/p>\n<p>[\/vc_column_text][\/vc_column][\/vc_row]<\/p>\n<\/div>","protected":false},"excerpt":{"rendered":"<p>[vc_row][vc_column][vc_column_text] La Ligue de karat\u00e9 Pays de la Loire en partenariat avec le Club Esprit Martial vous invite \u00e0 participer le samedi 12 d\u00e9cembre : au stage de Junior Lefevre. Champion du monde et entraineur international reconnu dans le monde entier, Junior Lefevre va vous apporter tout son savoir et sa technique lors de ce [&hellip;]<\/p>\n","protected":false},"author":132,"featured_media":0,"comment_status":"closed","ping_status":"closed","sticky":false,"template":"","format":"standard","meta":{"footnotes":""},"categories":[1],"tags":[],"class_list":["post-6492","post","type-post","status-publish","format-standard","hentry","category-non-classe"],"_links":{"self":[{"href":"https:\/\/sites.ffkarate.fr\/paysdelaloire\/wp-json\/wp\/v2\/posts\/6492","targetHints":{"allow":["GET"]}}],"collection":[{"href":"https:\/\/sites.ffkarate.fr\/paysdelaloire\/wp-json\/wp\/v2\/posts"}],"about":[{"href":"https:\/\/sites.ffkarate.fr\/paysdelaloire\/wp-json\/wp\/v2\/types\/post"}],"author":[{"embeddable":true,"href":"https:\/\/sites.ffkarate.fr\/paysdelaloire\/wp-json\/wp\/v2\/users\/132"}],"replies":[{"embeddable":true,"href":"https:\/\/sites.ffkarate.fr\/paysdelaloire\/wp-json\/wp\/v2\/comments?post=6492"}],"version-history":[{"count":0,"href":"https:\/\/sites.ffkarate.fr\/paysdelaloire\/wp-json\/wp\/v2\/posts\/6492\/revisions"}],"wp:attachment":[{"href":"https:\/\/sites.ffkarate.fr\/paysdelaloire\/wp-json\/wp\/v2\/media?parent=6492"}],"wp:term":[{"taxonomy":"category","embeddable":true,"href":"https:\/\/sites.ffkarate.fr\/paysdelaloire\/wp-json\/wp\/v2\/categories?post=6492"},{"taxonomy":"post_tag","embeddable":true,"href":"https:\/\/sites.ffkarate.fr\/paysdelaloire\/wp-json\/wp\/v2\/tags?post=6492"}],"curies":[{"name":"wp","href":"https:\/\/api.w.org\/{rel}","templated":true}]}}