{"id":6499,"date":"2020-12-07T18:49:44","date_gmt":"2020-12-07T17:49:44","guid":{"rendered":"https:\/\/sites.ffkarate.fr\/paysdelaloire\/?post_type=news&amp;p=6499"},"modified":"2020-12-07T18:49:44","modified_gmt":"2020-12-07T17:49:44","slug":"hamid-ben-lahoucine-nomme-responsable-regional-de-larbitrage","status":"publish","type":"post","link":"https:\/\/sites.ffkarate.fr\/paysdelaloire\/2020\/12\/07\/hamid-ben-lahoucine-nomme-responsable-regional-de-larbitrage\/","title":{"rendered":"Hamid Ben Lahoucine nomm\u00e9 Responsable R\u00e9gional de l&rsquo;Arbitrage"},"content":{"rendered":"<div class=\"wpb-content-wrapper\"><p>[vc_row][vc_column][vc_column_text]Juge national kumit\u00e9 et kata, 5\u00e8me dan et titulaire du DEJEPS, Hamid Ben Lahoucine est le nouveau Responsable<a href=\"https:\/\/sites.ffkarate.fr\/paysdelaloire\/wp-content\/uploads\/sites\/120\/2020\/12\/hamid.jpg\"><img decoding=\"async\" class=\"  wp-image-6500 alignright\" src=\"https:\/\/sites.ffkarate.fr\/paysdelaloire\/wp-content\/uploads\/sites\/120\/2020\/12\/hamid-195x300.jpg\" alt=\"hamid\" width=\"154\" height=\"237\" \/><\/a> R\u00e9gional de l&rsquo;Arbitrage.<\/p>\n<p>\u00a0\u00bb En tant que Responsable R\u00e9gional de l\u2019Arbitrage:<br \/>\n&#8211; Ma mission est de veiller au d\u00e9veloppement de l\u2019arbitrage \u00e0 travers le recrutement des jeunes arbitres, les faire accompagner ainsi que de valoriser le corps arbitral f\u00e9minin.<br \/>\n&#8211; Uniformiser la formation de l\u2019ensemble de notre corps arbitral. Et permettre \u00e0 nos arbitres une progression dans leur jugement. Je souhaite une r\u00e9elle harmonisation de la formation sur les 5 d\u00e9partements en lien avec les responsables d\u00e9partementaux .<br \/>\nPour ce faire, je veux apporter un support technique, manag\u00e9rial et p\u00e9dagogique.<br \/>\n\u00ab L\u2019impartialit\u00e9, la formation (le recrutement des jeunes arbitres) et l\u2019harmonisation de cette derni\u00e8re\u00a0 seront mon cheval de bataille. \u00bb[\/vc_column_text][\/vc_column][\/vc_row]<\/p>\n<\/div>","protected":false},"excerpt":{"rendered":"<p>[vc_row][vc_column][vc_column_text]Juge national kumit\u00e9 et kata, 5\u00e8me dan et titulaire du DEJEPS, Hamid Ben Lahoucine est le nouveau Responsable R\u00e9gional de l&rsquo;Arbitrage. \u00a0\u00bb En tant que Responsable R\u00e9gional de l\u2019Arbitrage: &#8211; Ma mission est de veiller au d\u00e9veloppement de l\u2019arbitrage \u00e0 travers le recrutement des jeunes arbitres, les faire accompagner ainsi que de valoriser le corps [&hellip;]<\/p>\n","protected":false},"author":132,"featured_media":6500,"comment_status":"closed","ping_status":"closed","sticky":false,"template":"","format":"standard","meta":{"footnotes":""},"categories":[1],"tags":[],"class_list":["post-6499","post","type-post","status-publish","format-standard","hentry","category-non-classe"],"_links":{"self":[{"href":"https:\/\/sites.ffkarate.fr\/paysdelaloire\/wp-json\/wp\/v2\/posts\/6499","targetHints":{"allow":["GET"]}}],"collection":[{"href":"https:\/\/sites.ffkarate.fr\/paysdelaloire\/wp-json\/wp\/v2\/posts"}],"about":[{"href":"https:\/\/sites.ffkarate.fr\/paysdelaloire\/wp-json\/wp\/v2\/types\/post"}],"author":[{"embeddable":true,"href":"https:\/\/sites.ffkarate.fr\/paysdelaloire\/wp-json\/wp\/v2\/users\/132"}],"replies":[{"embeddable":true,"href":"https:\/\/sites.ffkarate.fr\/paysdelaloire\/wp-json\/wp\/v2\/comments?post=6499"}],"version-history":[{"count":0,"href":"https:\/\/sites.ffkarate.fr\/paysdelaloire\/wp-json\/wp\/v2\/posts\/6499\/revisions"}],"wp:featuredmedia":[{"embeddable":true,"href":"https:\/\/sites.ffkarate.fr\/paysdelaloire\/wp-json\/wp\/v2\/media\/6500"}],"wp:attachment":[{"href":"https:\/\/sites.ffkarate.fr\/paysdelaloire\/wp-json\/wp\/v2\/media?parent=6499"}],"wp:term":[{"taxonomy":"category","embeddable":true,"href":"https:\/\/sites.ffkarate.fr\/paysdelaloire\/wp-json\/wp\/v2\/categories?post=6499"},{"taxonomy":"post_tag","embeddable":true,"href":"https:\/\/sites.ffkarate.fr\/paysdelaloire\/wp-json\/wp\/v2\/tags?post=6499"}],"curies":[{"name":"wp","href":"https:\/\/api.w.org\/{rel}","templated":true}]}}