{"id":6518,"date":"2020-12-14T20:50:26","date_gmt":"2020-12-14T19:50:26","guid":{"rendered":"https:\/\/sites.ffkarate.fr\/paysdelaloire\/?post_type=news&amp;p=6518"},"modified":"2020-12-14T20:50:26","modified_gmt":"2020-12-14T19:50:26","slug":"formation-dif-quizz-anatomie","status":"publish","type":"post","link":"https:\/\/sites.ffkarate.fr\/paysdelaloire\/2020\/12\/14\/formation-dif-quizz-anatomie\/","title":{"rendered":"Formation DIF : Quizz Anatomie"},"content":{"rendered":"<div class=\"wpb-content-wrapper\"><p>[vc_row][vc_column][vc_column_text]Dans le cadre de la formation du DIF (Dipl\u00f4me d&rsquo;instructeur f\u00e9d\u00e9ral), nous mettons \u00e0 votre disposition un quizz sur l&rsquo;anatomie du corps humain afin de tester vos connaissances en la mati\u00e8re.<\/p>\n<p>Le quizz : <a href=\"https:\/\/www.quizz.biz\/quizz_y87k7q7Z7d.html\" target=\"_blank\" rel=\"noopener\">Cliquez ici <\/a>[\/vc_column_text][\/vc_column][\/vc_row]<\/p>\n<\/div>","protected":false},"excerpt":{"rendered":"<p>[vc_row][vc_column][vc_column_text]Dans le cadre de la formation du DIF (Dipl\u00f4me d&rsquo;instructeur f\u00e9d\u00e9ral), nous mettons \u00e0 votre disposition un quizz sur l&rsquo;anatomie du corps humain afin de tester vos connaissances en la mati\u00e8re. Le quizz : Cliquez ici [\/vc_column_text][\/vc_column][\/vc_row]<\/p>\n","protected":false},"author":132,"featured_media":6519,"comment_status":"closed","ping_status":"closed","sticky":false,"template":"","format":"standard","meta":{"footnotes":""},"categories":[1],"tags":[],"class_list":["post-6518","post","type-post","status-publish","format-standard","hentry","category-non-classe"],"_links":{"self":[{"href":"https:\/\/sites.ffkarate.fr\/paysdelaloire\/wp-json\/wp\/v2\/posts\/6518","targetHints":{"allow":["GET"]}}],"collection":[{"href":"https:\/\/sites.ffkarate.fr\/paysdelaloire\/wp-json\/wp\/v2\/posts"}],"about":[{"href":"https:\/\/sites.ffkarate.fr\/paysdelaloire\/wp-json\/wp\/v2\/types\/post"}],"author":[{"embeddable":true,"href":"https:\/\/sites.ffkarate.fr\/paysdelaloire\/wp-json\/wp\/v2\/users\/132"}],"replies":[{"embeddable":true,"href":"https:\/\/sites.ffkarate.fr\/paysdelaloire\/wp-json\/wp\/v2\/comments?post=6518"}],"version-history":[{"count":0,"href":"https:\/\/sites.ffkarate.fr\/paysdelaloire\/wp-json\/wp\/v2\/posts\/6518\/revisions"}],"wp:featuredmedia":[{"embeddable":true,"href":"https:\/\/sites.ffkarate.fr\/paysdelaloire\/wp-json\/wp\/v2\/media\/6519"}],"wp:attachment":[{"href":"https:\/\/sites.ffkarate.fr\/paysdelaloire\/wp-json\/wp\/v2\/media?parent=6518"}],"wp:term":[{"taxonomy":"category","embeddable":true,"href":"https:\/\/sites.ffkarate.fr\/paysdelaloire\/wp-json\/wp\/v2\/categories?post=6518"},{"taxonomy":"post_tag","embeddable":true,"href":"https:\/\/sites.ffkarate.fr\/paysdelaloire\/wp-json\/wp\/v2\/tags?post=6518"}],"curies":[{"name":"wp","href":"https:\/\/api.w.org\/{rel}","templated":true}]}}