{"id":6553,"date":"2021-01-10T15:38:43","date_gmt":"2021-01-10T14:38:43","guid":{"rendered":"https:\/\/sites.ffkarate.fr\/paysdelaloire\/?post_type=news&amp;p=6553"},"modified":"2021-01-10T15:38:43","modified_gmt":"2021-01-10T14:38:43","slug":"stage-elite-regional-kata-et-kumite","status":"publish","type":"post","link":"https:\/\/sites.ffkarate.fr\/paysdelaloire\/2021\/01\/10\/stage-elite-regional-kata-et-kumite\/","title":{"rendered":"Stage Elite R\u00e9gional Kata et Kumit\u00e9"},"content":{"rendered":"<div class=\"wpb-content-wrapper\"><p>[vc_row][vc_column][vc_column_text]<a href=\"https:\/\/sites.ffkarate.fr\/paysdelaloire\/wp-content\/uploads\/sites\/120\/2021\/01\/Stage-Elite.jpg\"><img decoding=\"async\" class=\" size-medium wp-image-6554 alignright\" src=\"https:\/\/sites.ffkarate.fr\/paysdelaloire\/wp-content\/uploads\/sites\/120\/2021\/01\/Stage-Elite-194x300.jpg\" alt=\"Stage Elite\" width=\"194\" height=\"300\" \/><\/a>La Ligue Pays de la Loire organise le samedi 23 janvier 2021, un stage Elite R\u00e9gional Kata et Kumit\u00e9 sous la direction des entraineurs r\u00e9gionaux Laetit\u00efa Gauguet et Dimitri Deniau.<br \/>\nCe stage est ouvert \u00e0 tous, d<span class=\"d2edcug0 hpfvmrgz qv66sw1b c1et5uql rrkovp55 a8c37x1j keod5gw0 nxhoafnm aigsh9s9 d3f4x2em fe6kdd0r mau55g9w c8b282yb iv3no6db jq4qci2q a3bd9o3v knj5qynh oo9gr5id hzawbc8m\" dir=\"auto\">es Benjamins aux Juniors -18 ans, conform\u00e9ment aux directives gouvernementales li\u00e9es \u00e0 la crise sanitaire. <\/span>.<br \/>\n<strong>Pour participer \u00e0 cet \u00e9v\u00e9nement veuillez vous inscrire en envoyant un mail avant le 17 Janvier 2021 \u00e0 :<\/strong> secretariatliguepdl@orange.fr<\/p>\n<p><strong>RAPPEL :\u00a0<\/strong><\/p>\n<p>En raison du contexte sanitaire, les participants devront venir en Karate-gi, l&rsquo;acc\u00e8s aux vestiaires sera interdit. Le port du masque est obligatoire dans l&rsquo;enceinte et aux abords du tatami.[\/vc_column_text][\/vc_column][\/vc_row]<\/p>\n<\/div>","protected":false},"excerpt":{"rendered":"<p>[vc_row][vc_column][vc_column_text]La Ligue Pays de la Loire organise le samedi 23 janvier 2021, un stage Elite R\u00e9gional Kata et Kumit\u00e9 sous la direction des entraineurs r\u00e9gionaux Laetit\u00efa Gauguet et Dimitri Deniau. Ce stage est ouvert \u00e0 tous, des Benjamins aux Juniors -18 ans, conform\u00e9ment aux directives gouvernementales li\u00e9es \u00e0 la crise sanitaire. . Pour participer \u00e0 [&hellip;]<\/p>\n","protected":false},"author":132,"featured_media":6554,"comment_status":"closed","ping_status":"closed","sticky":false,"template":"","format":"standard","meta":{"footnotes":""},"categories":[1],"tags":[],"class_list":["post-6553","post","type-post","status-publish","format-standard","hentry","category-non-classe"],"_links":{"self":[{"href":"https:\/\/sites.ffkarate.fr\/paysdelaloire\/wp-json\/wp\/v2\/posts\/6553","targetHints":{"allow":["GET"]}}],"collection":[{"href":"https:\/\/sites.ffkarate.fr\/paysdelaloire\/wp-json\/wp\/v2\/posts"}],"about":[{"href":"https:\/\/sites.ffkarate.fr\/paysdelaloire\/wp-json\/wp\/v2\/types\/post"}],"author":[{"embeddable":true,"href":"https:\/\/sites.ffkarate.fr\/paysdelaloire\/wp-json\/wp\/v2\/users\/132"}],"replies":[{"embeddable":true,"href":"https:\/\/sites.ffkarate.fr\/paysdelaloire\/wp-json\/wp\/v2\/comments?post=6553"}],"version-history":[{"count":0,"href":"https:\/\/sites.ffkarate.fr\/paysdelaloire\/wp-json\/wp\/v2\/posts\/6553\/revisions"}],"wp:featuredmedia":[{"embeddable":true,"href":"https:\/\/sites.ffkarate.fr\/paysdelaloire\/wp-json\/wp\/v2\/media\/6554"}],"wp:attachment":[{"href":"https:\/\/sites.ffkarate.fr\/paysdelaloire\/wp-json\/wp\/v2\/media?parent=6553"}],"wp:term":[{"taxonomy":"category","embeddable":true,"href":"https:\/\/sites.ffkarate.fr\/paysdelaloire\/wp-json\/wp\/v2\/categories?post=6553"},{"taxonomy":"post_tag","embeddable":true,"href":"https:\/\/sites.ffkarate.fr\/paysdelaloire\/wp-json\/wp\/v2\/tags?post=6553"}],"curies":[{"name":"wp","href":"https:\/\/api.w.org\/{rel}","templated":true}]}}