{"id":6568,"date":"2021-01-17T12:52:39","date_gmt":"2021-01-17T11:52:39","guid":{"rendered":"https:\/\/sites.ffkarate.fr\/paysdelaloire\/?post_type=news&amp;p=6568"},"modified":"2021-01-17T12:52:39","modified_gmt":"2021-01-17T11:52:39","slug":"stage-elite-regional-kata-avec-clotilde-boulanger-sur-zoom","status":"publish","type":"post","link":"https:\/\/sites.ffkarate.fr\/paysdelaloire\/2021\/01\/17\/stage-elite-regional-kata-avec-clotilde-boulanger-sur-zoom\/","title":{"rendered":"Stage Elite R\u00e9gional Kata avec Clotilde Boulanger (Sur Zoom)"},"content":{"rendered":"<div class=\"wpb-content-wrapper\"><p>[vc_row][vc_column][vc_column_text]Suite aux annonces du gouvernement, le stage \u00e9lite kata du 23 janvier 2021 se d\u00e9roulera sur Zoom avec Clotilde<a href=\"https:\/\/sites.ffkarate.fr\/paysdelaloire\/wp-content\/uploads\/sites\/120\/2021\/01\/Affche-Stage-Kata-Reg.jpg\"><img decoding=\"async\" class=\" size-medium wp-image-6566 alignright\" src=\"https:\/\/sites.ffkarate.fr\/paysdelaloire\/wp-content\/uploads\/sites\/120\/2021\/01\/Affche-Stage-Kata-Reg-194x300.jpg\" alt=\"Affche Stage Kata Reg\" width=\"194\" height=\"300\" \/><\/a> Boulanger. Ce stage est ouvert \u00e0 tous. Nous remercions tous les inscrits au stage initial et nous vous invitons \u00e0 suivre celui-ci via zoom pour partager ce moment martial tous ensemble. Nous communiquerons le code de connexion rapidement.[\/vc_column_text][\/vc_column][\/vc_row]<\/p>\n<\/div>","protected":false},"excerpt":{"rendered":"<p>[vc_row][vc_column][vc_column_text]Suite aux annonces du gouvernement, le stage \u00e9lite kata du 23 janvier 2021 se d\u00e9roulera sur Zoom avec Clotilde Boulanger. Ce stage est ouvert \u00e0 tous. Nous remercions tous les inscrits au stage initial et nous vous invitons \u00e0 suivre celui-ci via zoom pour partager ce moment martial tous ensemble. Nous communiquerons le code de [&hellip;]<\/p>\n","protected":false},"author":132,"featured_media":6566,"comment_status":"closed","ping_status":"closed","sticky":false,"template":"","format":"standard","meta":{"footnotes":""},"categories":[1],"tags":[],"class_list":["post-6568","post","type-post","status-publish","format-standard","hentry","category-non-classe"],"_links":{"self":[{"href":"https:\/\/sites.ffkarate.fr\/paysdelaloire\/wp-json\/wp\/v2\/posts\/6568","targetHints":{"allow":["GET"]}}],"collection":[{"href":"https:\/\/sites.ffkarate.fr\/paysdelaloire\/wp-json\/wp\/v2\/posts"}],"about":[{"href":"https:\/\/sites.ffkarate.fr\/paysdelaloire\/wp-json\/wp\/v2\/types\/post"}],"author":[{"embeddable":true,"href":"https:\/\/sites.ffkarate.fr\/paysdelaloire\/wp-json\/wp\/v2\/users\/132"}],"replies":[{"embeddable":true,"href":"https:\/\/sites.ffkarate.fr\/paysdelaloire\/wp-json\/wp\/v2\/comments?post=6568"}],"version-history":[{"count":0,"href":"https:\/\/sites.ffkarate.fr\/paysdelaloire\/wp-json\/wp\/v2\/posts\/6568\/revisions"}],"wp:featuredmedia":[{"embeddable":true,"href":"https:\/\/sites.ffkarate.fr\/paysdelaloire\/wp-json\/wp\/v2\/media\/6566"}],"wp:attachment":[{"href":"https:\/\/sites.ffkarate.fr\/paysdelaloire\/wp-json\/wp\/v2\/media?parent=6568"}],"wp:term":[{"taxonomy":"category","embeddable":true,"href":"https:\/\/sites.ffkarate.fr\/paysdelaloire\/wp-json\/wp\/v2\/categories?post=6568"},{"taxonomy":"post_tag","embeddable":true,"href":"https:\/\/sites.ffkarate.fr\/paysdelaloire\/wp-json\/wp\/v2\/tags?post=6568"}],"curies":[{"name":"wp","href":"https:\/\/api.w.org\/{rel}","templated":true}]}}