{"id":6570,"date":"2021-01-18T18:32:34","date_gmt":"2021-01-18T17:32:34","guid":{"rendered":"https:\/\/sites.ffkarate.fr\/paysdelaloire\/?post_type=news&amp;p=6570"},"modified":"2021-01-18T18:32:34","modified_gmt":"2021-01-18T17:32:34","slug":"un-stage-visio-darbitrage-reussi","status":"publish","type":"post","link":"https:\/\/sites.ffkarate.fr\/paysdelaloire\/2021\/01\/18\/un-stage-visio-darbitrage-reussi\/","title":{"rendered":"Un stage visio d&rsquo;arbitrage r\u00e9ussi"},"content":{"rendered":"<div class=\"wpb-content-wrapper\"><p>[vc_row][vc_column][vc_column_text]<\/p>\n<div>\n<p>Di<a href=\"https:\/\/sites.ffkarate.fr\/paysdelaloire\/wp-content\/uploads\/sites\/120\/2021\/01\/arbitrage-visio.jpeg\"><img decoding=\"async\" class=\" size-medium wp-image-6571 alignleft\" src=\"https:\/\/sites.ffkarate.fr\/paysdelaloire\/wp-content\/uploads\/sites\/120\/2021\/01\/arbitrage-visio-300x225.jpeg\" alt=\"arbitrage visio\" width=\"300\" height=\"225\" \/><\/a>manche 17 janvier, la Ligue R\u00e9gionale par l\u2019interm\u00e9diaire de son Responsable d\u2019arbitrage Hamid\u00a0BEN LAHOUCINE a organis\u00e9 \u00ab\u00a0un stage en Visio\u00a0\u00bb\u00a0 en faveur des candidats \u00e0 l&rsquo;examen Kumit\u00e9 national A ou B.<\/p>\n<p>3 candidats \u00e9taient pr\u00e9sents :<\/p>\n<p>\u2022Wanda D<\/p>\n<p>\u2022Quentin B<\/p>\n<p>\u2022Christophe V.<\/p>\n<p>Notons aussi la pr\u00e9sence de\u00a0 Madame L\u00e6titia PERREON, Responsable du d\u00e9partement 44 et Adjoint de M. BEN LAHOUCINE.<\/p>\n<p>Le Pr\u00e9sident, et le Directeur Technique de la Ligue Franck CHANTALOU sont intervenus pour soutenir les candidats et les encourager dans leur d\u00e9marche malgr\u00e9 le contexte particulier dans lequel nous nous trouvons actuellement.<br \/>\nCe stage s&rsquo;est d\u00e9roul\u00e9 sous forme de questions-r\u00e9ponses et surtout des \u00e9changes sur la bonne compr\u00e9hension du r\u00e8glement.<br \/>\nHamid,\u00a0Responsable de Ligue R\u00e9gionale \u00e9tant tr\u00e8s satisfait du premier stage \u00ab\u00a0<b>Visio<\/b>\u00a0\u00bb\u00a0esp\u00e8re que cela sera\u00a0de bon augure pour la prochaine formation d\u2019Arbitrage qui sera anim\u00e9 par l\u2019Expert\u00a0<b>Hugues MICHOLET<\/b>\u00a0Arbitre Mondial le samedi 23 janvier de 10h30 \u00e0 13h30 \u00e0 Saint-P\u00e8re-en-Retz.<\/p>\n<\/div>\n<p>[\/vc_column_text][\/vc_column][\/vc_row]<\/p>\n<\/div>","protected":false},"excerpt":{"rendered":"<p>[vc_row][vc_column][vc_column_text] Dimanche 17 janvier, la Ligue R\u00e9gionale par l\u2019interm\u00e9diaire de son Responsable d\u2019arbitrage Hamid\u00a0BEN LAHOUCINE a organis\u00e9 \u00ab\u00a0un stage en Visio\u00a0\u00bb\u00a0 en faveur des candidats \u00e0 l&rsquo;examen Kumit\u00e9 national A ou B. 3 candidats \u00e9taient pr\u00e9sents : \u2022Wanda D \u2022Quentin B \u2022Christophe V. Notons aussi la pr\u00e9sence de\u00a0 Madame L\u00e6titia PERREON, Responsable du d\u00e9partement 44 [&hellip;]<\/p>\n","protected":false},"author":132,"featured_media":6571,"comment_status":"closed","ping_status":"closed","sticky":false,"template":"","format":"standard","meta":{"footnotes":""},"categories":[1],"tags":[],"class_list":["post-6570","post","type-post","status-publish","format-standard","hentry","category-non-classe"],"_links":{"self":[{"href":"https:\/\/sites.ffkarate.fr\/paysdelaloire\/wp-json\/wp\/v2\/posts\/6570","targetHints":{"allow":["GET"]}}],"collection":[{"href":"https:\/\/sites.ffkarate.fr\/paysdelaloire\/wp-json\/wp\/v2\/posts"}],"about":[{"href":"https:\/\/sites.ffkarate.fr\/paysdelaloire\/wp-json\/wp\/v2\/types\/post"}],"author":[{"embeddable":true,"href":"https:\/\/sites.ffkarate.fr\/paysdelaloire\/wp-json\/wp\/v2\/users\/132"}],"replies":[{"embeddable":true,"href":"https:\/\/sites.ffkarate.fr\/paysdelaloire\/wp-json\/wp\/v2\/comments?post=6570"}],"version-history":[{"count":0,"href":"https:\/\/sites.ffkarate.fr\/paysdelaloire\/wp-json\/wp\/v2\/posts\/6570\/revisions"}],"wp:featuredmedia":[{"embeddable":true,"href":"https:\/\/sites.ffkarate.fr\/paysdelaloire\/wp-json\/wp\/v2\/media\/6571"}],"wp:attachment":[{"href":"https:\/\/sites.ffkarate.fr\/paysdelaloire\/wp-json\/wp\/v2\/media?parent=6570"}],"wp:term":[{"taxonomy":"category","embeddable":true,"href":"https:\/\/sites.ffkarate.fr\/paysdelaloire\/wp-json\/wp\/v2\/categories?post=6570"},{"taxonomy":"post_tag","embeddable":true,"href":"https:\/\/sites.ffkarate.fr\/paysdelaloire\/wp-json\/wp\/v2\/tags?post=6570"}],"curies":[{"name":"wp","href":"https:\/\/api.w.org\/{rel}","templated":true}]}}