{"id":6626,"date":"2021-03-25T17:09:03","date_gmt":"2021-03-25T16:09:03","guid":{"rendered":"https:\/\/sites.ffkarate.fr\/paysdelaloire\/?post_type=news&amp;p=6626"},"modified":"2021-03-25T17:09:03","modified_gmt":"2021-03-25T16:09:03","slug":"reunion-des-arbitres-kata","status":"publish","type":"post","link":"https:\/\/sites.ffkarate.fr\/paysdelaloire\/2021\/03\/25\/reunion-des-arbitres-kata\/","title":{"rendered":"R\u00e9union des arbitres Kata"},"content":{"rendered":"<div class=\"wpb-content-wrapper\"><p>[vc_row][vc_column][vc_column_text]<a href=\"https:\/\/sites.ffkarate.fr\/paysdelaloire\/wp-content\/uploads\/sites\/120\/2021\/03\/photo-groupe-visio-correction-qcm-kata.jpg\"><img decoding=\"async\" class=\" size-medium wp-image-6627 alignright\" src=\"https:\/\/sites.ffkarate.fr\/paysdelaloire\/wp-content\/uploads\/sites\/120\/2021\/03\/photo-groupe-visio-correction-qcm-kata-300x239.jpg\" alt=\"photo groupe visio correction qcm kata\" width=\"300\" height=\"239\" \/><\/a>A la suite de la comp\u00e9tition r\u00e9gionale E-Kata, Hamid Ben Lahoucine responsable r\u00e9gional de l&rsquo;arbitrage \u00e0 r\u00e9uni ses arbitres pour d\u00e9briefer de cette derni\u00e8re. Cette r\u00e9union consistait \u00e0 faire une r\u00e9vision du r\u00e8glement d&rsquo;arbitrage sous la forme d&rsquo;une correction d&rsquo;un qcm envoy\u00e9 pr\u00e9alablement aux arbitres.<br \/>\n\u00ab\u00a0C&rsquo;\u00e9tait \u00e9galement l&rsquo;occasion de tous se voir \u00e0 travers la Visio, pour garder le lien entre nous et avec nos dirigeants\u00a0\u00bb d\u00e9clare Hamid Ben Lahoucine.[\/vc_column_text][\/vc_column][\/vc_row]<\/p>\n<\/div>","protected":false},"excerpt":{"rendered":"<p>[vc_row][vc_column][vc_column_text]A la suite de la comp\u00e9tition r\u00e9gionale E-Kata, Hamid Ben Lahoucine responsable r\u00e9gional de l&rsquo;arbitrage \u00e0 r\u00e9uni ses arbitres pour d\u00e9briefer de cette derni\u00e8re. Cette r\u00e9union consistait \u00e0 faire une r\u00e9vision du r\u00e8glement d&rsquo;arbitrage sous la forme d&rsquo;une correction d&rsquo;un qcm envoy\u00e9 pr\u00e9alablement aux arbitres. \u00ab\u00a0C&rsquo;\u00e9tait \u00e9galement l&rsquo;occasion de tous se voir \u00e0 travers la [&hellip;]<\/p>\n","protected":false},"author":132,"featured_media":6627,"comment_status":"closed","ping_status":"closed","sticky":false,"template":"","format":"standard","meta":{"footnotes":""},"categories":[1],"tags":[],"class_list":["post-6626","post","type-post","status-publish","format-standard","hentry","category-non-classe"],"_links":{"self":[{"href":"https:\/\/sites.ffkarate.fr\/paysdelaloire\/wp-json\/wp\/v2\/posts\/6626","targetHints":{"allow":["GET"]}}],"collection":[{"href":"https:\/\/sites.ffkarate.fr\/paysdelaloire\/wp-json\/wp\/v2\/posts"}],"about":[{"href":"https:\/\/sites.ffkarate.fr\/paysdelaloire\/wp-json\/wp\/v2\/types\/post"}],"author":[{"embeddable":true,"href":"https:\/\/sites.ffkarate.fr\/paysdelaloire\/wp-json\/wp\/v2\/users\/132"}],"replies":[{"embeddable":true,"href":"https:\/\/sites.ffkarate.fr\/paysdelaloire\/wp-json\/wp\/v2\/comments?post=6626"}],"version-history":[{"count":0,"href":"https:\/\/sites.ffkarate.fr\/paysdelaloire\/wp-json\/wp\/v2\/posts\/6626\/revisions"}],"wp:featuredmedia":[{"embeddable":true,"href":"https:\/\/sites.ffkarate.fr\/paysdelaloire\/wp-json\/wp\/v2\/media\/6627"}],"wp:attachment":[{"href":"https:\/\/sites.ffkarate.fr\/paysdelaloire\/wp-json\/wp\/v2\/media?parent=6626"}],"wp:term":[{"taxonomy":"category","embeddable":true,"href":"https:\/\/sites.ffkarate.fr\/paysdelaloire\/wp-json\/wp\/v2\/categories?post=6626"},{"taxonomy":"post_tag","embeddable":true,"href":"https:\/\/sites.ffkarate.fr\/paysdelaloire\/wp-json\/wp\/v2\/tags?post=6626"}],"curies":[{"name":"wp","href":"https:\/\/api.w.org\/{rel}","templated":true}]}}